{"id":1064,"date":"2016-03-31T10:29:32","date_gmt":"2016-03-31T08:29:32","guid":{"rendered":"http:\/\/www.sport.karlino.pl\/?p=1064"},"modified":"2016-03-31T10:29:48","modified_gmt":"2016-03-31T08:29:48","slug":"xxiv-bieg-papieski-im-sw-jana-pawla-ii-12-06-2016","status":"publish","type":"post","link":"https:\/\/sport.karlino.pl\/index.php\/2016\/03\/31\/xxiv-bieg-papieski-im-sw-jana-pawla-ii-12-06-2016\/","title":{"rendered":"XXIV BIEG PAPIESKI IM. \u015aW. JANA PAW\u0141A II \u2013 12.06.2016"},"content":{"rendered":"<p>\u201eSPORT JEST RADO\u015aCI\u0104 \u017bYCIA, ZABAW\u0104, \u015aWI\u0118TEM\u201d<\/p>\n<p>\u015bw. Jan Pawe\u0142 II<\/p>\n<p>&nbsp;<\/p>\n<p>Bieg Papieski jest\u00a0 imprez\u0105 sportow\u0105 o wymiarze mi\u0119dzynarodowym, kt\u00f3r\u0105 mamy zaszczyt z sukcesem organizowa\u0107 na swoim terenie ju\u017c od 16 lat. Jest to sportowo \u2013 kulturalne wydarzenie, kt\u00f3re swoj\u0105 histori\u0105 si\u0119ga Pielgrzymki papie\u017ca Jana Paw\u0142a II do Koszalina w roku 1991. W celu uczczenia\u00a0 tego donios\u0142ego wydarzenia, rok p\u00f3\u017aniej z inicjatywy mieszka\u0144ca Koszalina J\u00f3zefa Niekrasza odby\u0142 si\u0119 uliczny \u201ebieg papieski\u201d, kt\u00f3rego organizacji\u00a0 od roku 2000 podj\u0119\u0142y si\u0119 w\u0142adze Miasta i Gminy Karlino, chc\u0105c uczci\u0107 i utrwali\u0107 szacunek i mi\u0142o\u015b\u0107 do Papie\u017ca Polaka.\u00a0 Impreza ta, to nie tylko wydarzenie religijne, ale przede wszystkim wydarzenie sportoweprzyci\u0105gaj\u0105ce wielu sportowc\u00f3w: biegaj\u0105cych profesjonalnie, jak i amatorsko \u2013 dla siebie, dla zdrowia, dla pokonywania w\u0142\u0105snych s\u0142abo\u015bci. Jedn\u0105 z wielu os\u00f3b bior\u0105cych udzia\u0142 w biegu by\u0142 znany polski olimpijczyk \u2013 Robert Sycz.<\/p>\n<p>&nbsp;<\/p>\n<p>Bieg rozpoczyna si\u0119 pod Figur\u0105 Matki Bo\u017cej Kr\u00f3lowej \u015awiata w Domacynie, kt\u00f3r\u0105 w 1995r. ufundowali Filipi\u0144czycy jako dar wdzi\u0119czno\u015bci dla Papie\u017ca Polaka. Trasa biegu\u00a0 ko\u0144czy si\u0119 na stadionie miejskim w Karlinie i liczy 15km. Bieg odbywa si\u0119 w kategorii open, ale nagradzamy r\u00f3wnie\u017c w 6 kategoriach wiekowych, osobno kobiety, osobno m\u0119\u017cczyzn oraz osoby niepe\u0142nosprawne. U nas na mecie ka\u017cdy, kto uko\u0144czy\u0142 bieg \u2013 otrzymuje na mecie medal z wizerunkiem papie\u017ca. Dla ka\u017cdego biegacza ten medal ma inne znaczenie: laur za pokonanie trasy, amulet, szcz\u0119\u015bcie, prezent dla najbli\u017cszych, trofeum. A jakie b\u0119dzie mia\u0142 dla ciebie? Zapraszamy na tars\u0119 biegu. W\u015br\u00f3d biegaczy jest spora grupa, kt\u00f3ra ma ju\u017c bardzo du\u017c\u0105 kolekcj\u0119 kr\u0105\u017ck\u00f3w z Karlina. Do\u0142\u0105cz do nich. Nigdy nie jest za p\u00f3\u017ano, aby rozpocz\u0105\u0107 ich kolekcjonowanie. <strong>W tym roku do\u0142o\u017cyli\u015bmy now\u0105 kategori\u0119 \u2013 s\u0142u\u017cby mundurowe!<\/strong><\/p>\n<p><a href=\"http:\/\/www.sport.karlino.pl\/wp-content\/uploads\/2016\/03\/Trasa-Biegu-plan-maista.jpg\"><img fetchpriority=\"high\" decoding=\"async\" class=\"alignnone size-medium wp-image-1066\" src=\"http:\/\/www.sport.karlino.pl\/wp-content\/uploads\/2016\/03\/Trasa-Biegu-plan-maista-300x209.jpg\" alt=\"Trasa Biegu - plan maista\" width=\"300\" height=\"209\" \/><\/a><\/p>\n<p>Po ceremonii dekoracji zwyci\u0119zc\u00f3w przeprowadzone zostanie losowanie 20 nagr\u00f3d rzeczowych w\u015br\u00f3d os\u00f3b, kt\u00f3re uko\u0144czy\u0142y Bieg G\u0142\u00f3wny. W przypadku nieobecno\u015bci osoby, kt\u00f3ra po trzykrotnym wyczytaniu wylosowanego nr startowego nie zg\u0142osi si\u0119 po odbi\u00f3r nagrody, dana nagroda rzeczowa powraca do puli nagr\u00f3d, a losowanie jest powt\u00f3rzone. Nagrody rzeczowe: <strong>2 sztuki zegarki dla biegaczy GARMIN <\/strong>i 18 sztuk nagr\u00f3d rzeczowych np. sprz\u0119t sportowy, ksi\u0105\u017cki, sprz\u0119t RTV, AGD, vouchery, karnety na us\u0142ugi sportowe, turystyczne i rekreacyjne.<\/p>\n<p>&nbsp;<\/p>\n<p>&nbsp;<\/p>\n<p>Bieg Papieski to nie tylko Bieg g\u0142\u00f3wny na 15 km. To tak\u017ce biegi integracyjne dla przedszkolak\u00f3w, dzieci, m\u0142odzie\u017cy oraz bieg dla samorz\u0105dowc\u00f3w, ksie\u017cy i mieszka\u0144c\u00f3w Gminy Karlino na dystansie 2 km.<\/p>\n<p>&nbsp;<\/p>\n<p>Ca\u0142ej imprezie towarzyszy piknik rodzinny: plenerowy palc zabaw, wyst\u0119py artystyczne dzieci i okolicznych artyst\u00f3w, kawiarenka pod chmurk\u0105, atmosferta rado\u015bci i zabawy.<\/p>\n<p>Ju\u017c dzisiaj zaplanuj sobie ten dzie\u0144, aby go wsp\u00f3lnie sp\u0119dzi\u0107 z nami, ze swoj\u0105 rodzin\u0105 w\u0142a\u015bnie w Karlinie na miejscowym stadionie.<\/p>\n<p><strong>\u00a0<a href=\"http:\/\/www.sport.karlino.pl\/wp-content\/uploads\/2016\/03\/Mapa_punkt\u00f3w_z_wod\u0105_-_gmina.jpg\"><img decoding=\"async\" class=\"alignnone size-medium wp-image-1067\" src=\"http:\/\/www.sport.karlino.pl\/wp-content\/uploads\/2016\/03\/Mapa_punkt\u00f3w_z_wod\u0105_-_gmina-221x300.jpg\" alt=\"Mapa_punkt\u00f3w_z_wod\u0105_-_gmina\" width=\"221\" height=\"300\" \/><\/a><\/strong><\/p>\n<p><strong>Dyrektor Biegu<\/strong> \u2013 Emilia Filipowicz<br \/>\n<strong>Kierownikiem zawod\u00f3w<\/strong> jest Franciszek Terech.<br \/>\n<strong>S\u0119dzia g\u0142\u00f3wny biegu<\/strong> \u2013 Piotr Ko\u0142odziejczyk<\/p>\n<p>Obs\u0142uga administracyjna biegu \u2013 Karolina Majchrzak<br \/>\n<strong>Biuro zawod\u00f3w \u00a0czynne w dniach:<\/strong><\/p>\n<p>10.06.2016 (pi\u0105tek) \u2013 7-21.00<\/p>\n<p>11.06.2016 r. (sobota) 09.00-21.00<\/p>\n<p>12.06.2016 r. od godziny 8.00-14.00.<\/p>\n<p>Adres organizator\u00f3w :<br \/>\nKomitet Organizacyjny Biegu<br \/>\nul. Ko\u015bciuszki 1A<br \/>\n78-230 Karlino<br \/>\ntel. 48 94 311 60 50<br \/>\ntel. kom. 570 990\u00a0747, 606\u00a0415 847<br \/>\ne-mail : <a href=\"mailto:hala@karlino.pl\">hala@karlino.pl<\/a><\/p>\n<p><strong><u>Organizatorzy: <\/u><\/strong><\/p>\n<ul>\n<li>Urz\u0105d Miejski w Karlinie<\/li>\n<li>Zarz\u0105d Obiekt\u00f3w Sportowych, Turystycznych i Rekreacyjnych<\/li>\n<li>Kuria Biskupia Diecezji Koszali\u0144sko-Ko\u0142obrzeskiej.<\/li>\n<li><\/li>\n<\/ul>\n<p>Op\u0142ata startowa wniesiona do dnia 10.06.2016. wynosi <strong>15,00 z\u0142otych<\/strong> (p\u0142atne przelewem na konto Bank Sp\u00f3\u0142dzielczy Odzia\u0142 w Karlinie nr konta 50 8562 0007 0020 0064 2000 0010) lub got\u00f3wk\u0105 w kasie Urz\u0119du Miejskiego w Karlinie.<\/p>\n<p>&nbsp;<\/p>\n<p><strong>wpisowe w dniu 11 i 12.06.2015r. \u2013 30 z\u0142 \u2013 forma p\u0142atno\u015bci: got\u00f3wka w biurze biegu). <\/strong><\/p>\n<p>&nbsp;<\/p>\n<p>Z op\u0142aty startowej zwolnione s\u0105 osoby, <u>kt\u00f3re maj\u0105 uko\u0144czone 60 lat w dniu imprezy\u00a0 i starsze, osoby niepe\u0142nosprawne i poruszaj\u0105ce si\u0119 na w\u00f3zkach inwalidzkich.<\/u><br \/>\nW tre\u015bci przelewu\/wp\u0142aty prosimy poda\u0107: Imi\u0119 i nazwisko, miejscowo\u015b\u0107\/klub oraz dopisek: \u201eOp\u0142ata startowa \u2013 XXIV Bieg Papieski.<\/p>\n<p>&nbsp;<\/p>\n<p>Program Biegu Papieskiego i regulaminy znajdziecie Pa\u0144stwo poni\u017cej jako za\u0142\u0105czniki.<\/p>\n<p>&nbsp;<\/p>\n<p><strong>Rejestrowa\u0107 si\u0119 na bieg mo\u017cna za pomoc\u0105 strony:<\/strong> <a href=\"http:\/\/www.inetsport.pl\/\" target=\"_blank\" rel=\"noopener\"><strong>www.inetsport.pl <\/strong><\/a><\/p>\n<p><strong>W tym celu nale\u017cy zalogowa\u0107\u00a0 si\u0119 na stronie, a nast\u0119pnie wype\u0142ni\u0107 formularz rejestracyjny.<\/strong><\/p>\n","protected":false},"excerpt":{"rendered":"<p>\u201eSPORT JEST RADO\u015aCI\u0104 \u017bYCIA, ZABAW\u0104, \u015aWI\u0118TEM\u201d \u015bw. Jan Pawe\u0142 II &nbsp; Bieg Papieski jest\u00a0 imprez\u0105 sportow\u0105 o wymiarze mi\u0119dzynarodowym, kt\u00f3r\u0105 mamy zaszczyt z sukcesem organizowa\u0107 na swoim terenie ju\u017c od [&hellip;]<\/p>\n","protected":false},"author":1,"featured_media":0,"comment_status":"closed","ping_status":"closed","sticky":false,"template":"","format":"standard","meta":{"footnotes":""},"categories":[],"tags":[],"class_list":["post-1064","post","type-post","status-publish","format-standard","hentry"],"blocksy_meta":{"styles_descriptor":{"styles":{"desktop":"","tablet":"","mobile":""},"google_fonts":[],"version":6}},"featured_image_urls_v2":{"full":"","thumbnail":"","medium":"","medium_large":"","large":"","1536x1536":"","2048x2048":""},"post_excerpt_stackable_v2":"<p>\u201eSPORT JEST RADO\u015aCI\u0104 \u017bYCIA, ZABAW\u0104, \u015aWI\u0118TEM\u201d \u015bw. Jan Pawe\u0142 II &nbsp; Bieg Papieski jest\u00a0 imprez\u0105 sportow\u0105 o wymiarze mi\u0119dzynarodowym, kt\u00f3r\u0105 mamy zaszczyt z sukcesem organizowa\u0107 na swoim terenie ju\u017c od 16 lat. Jest to sportowo \u2013 kulturalne wydarzenie, kt\u00f3re swoj\u0105 histori\u0105 si\u0119ga Pielgrzymki papie\u017ca Jana Paw\u0142a II do Koszalina w roku 1991. W celu uczczenia\u00a0 tego donios\u0142ego wydarzenia, rok p\u00f3\u017aniej z inicjatywy mieszka\u0144ca Koszalina J\u00f3zefa Niekrasza odby\u0142 si\u0119 uliczny \u201ebieg papieski\u201d, kt\u00f3rego organizacji\u00a0 od roku 2000 podj\u0119\u0142y si\u0119 w\u0142adze Miasta i Gminy Karlino, chc\u0105c uczci\u0107 i utrwali\u0107 szacunek i mi\u0142o\u015b\u0107 do Papie\u017ca Polaka.\u00a0 Impreza ta, to nie tylko wydarzenie religijne,&hellip;<\/p>\n","category_list_v2":"Bez kategorii","author_info_v2":{"name":"admin","url":"https:\/\/sport.karlino.pl\/author\/webcarr\/"},"comments_num_v2":"0 comments","_links":{"self":[{"href":"https:\/\/sport.karlino.pl\/index.php\/wp-json\/wp\/v2\/posts\/1064","targetHints":{"allow":["GET"]}}],"collection":[{"href":"https:\/\/sport.karlino.pl\/index.php\/wp-json\/wp\/v2\/posts"}],"about":[{"href":"https:\/\/sport.karlino.pl\/index.php\/wp-json\/wp\/v2\/types\/post"}],"author":[{"embeddable":true,"href":"https:\/\/sport.karlino.pl\/index.php\/wp-json\/wp\/v2\/users\/1"}],"replies":[{"embeddable":true,"href":"https:\/\/sport.karlino.pl\/index.php\/wp-json\/wp\/v2\/comments?post=1064"}],"version-history":[{"count":0,"href":"https:\/\/sport.karlino.pl\/index.php\/wp-json\/wp\/v2\/posts\/1064\/revisions"}],"wp:attachment":[{"href":"https:\/\/sport.karlino.pl\/index.php\/wp-json\/wp\/v2\/media?parent=1064"}],"wp:term":[{"taxonomy":"category","embeddable":true,"href":"https:\/\/sport.karlino.pl\/index.php\/wp-json\/wp\/v2\/categories?post=1064"},{"taxonomy":"post_tag","embeddable":true,"href":"https:\/\/sport.karlino.pl\/index.php\/wp-json\/wp\/v2\/tags?post=1064"}],"curies":[{"name":"wp","href":"https:\/\/api.w.org\/{rel}","templated":true}]}}