{"id":1134,"date":"2016-04-07T14:10:52","date_gmt":"2016-04-07T12:10:52","guid":{"rendered":"http:\/\/www.sport.karlino.pl\/?p=1134"},"modified":"2016-04-08T09:46:20","modified_gmt":"2016-04-08T07:46:20","slug":"warsztaty-plastyczne","status":"publish","type":"post","link":"https:\/\/sport.karlino.pl\/index.php\/2016\/04\/07\/warsztaty-plastyczne\/","title":{"rendered":"PAJACYKI &#8211; czyli warsztaty plastyczne"},"content":{"rendered":"<p>Plastyka w rozwoju dziecka odgrywa bardzo wa\u017cn\u0105 i \u017cywotn\u0105 rol\u0119. Edukacja<br \/>\nplastyczna nale\u017cy do najbardziej tw\u00f3rczych dzia\u0142a\u0144 programu wychowania.<br \/>\nWyzwala uczucia i emocje u dzieci, pozwala na samorealizacj\u0119. Dzi\u0119ki<br \/>\nplastyce dziecko nie tylko pobudza i wyra\u017ca swoje my\u015bli i emocje ale r\u00f3wnie\u017c<br \/>\nzaspakaja potrzeb\u0119 ekspresji.<br \/>\nZapraszamy dzieci do udzia\u0142u w warsztatach plastycznych. Kiedy? &#8211; 14<br \/>\nkwietnia od godz. 16.00. W tym samym czasie drodzy Rodzice &#8211; WY b\u0119dziecie na<br \/>\nzabraniu w szkole podstawowej, wi\u0119c w tym czasie dzieci mog\u0105 zosta\u0107 pod<br \/>\nnasz\u0105 opiek\u0105, tworzy\u0107 zabawne pajacyki, jak my, kiedy byli\u015bmy w ich wieku.<br \/>\nDo zobaczenia.<br \/>\n<a href=\"http:\/\/www.sport.karlino.pl\/wp-content\/uploads\/2016\/04\/a_ja_kocham_moja_MAME.jpg\"><img fetchpriority=\"high\" decoding=\"async\" class=\"alignnone size-medium wp-image-1135\" src=\"http:\/\/www.sport.karlino.pl\/wp-content\/uploads\/2016\/04\/a_ja_kocham_moja_MAME-212x300.jpg\" alt=\"a ja kocham moj\u0105 MAM\u0118\" width=\"212\" height=\"300\" \/><\/a><\/p>\n","protected":false},"excerpt":{"rendered":"<p>Plastyka w rozwoju dziecka odgrywa bardzo wa\u017cn\u0105 i \u017cywotn\u0105 rol\u0119. Edukacja plastyczna nale\u017cy do najbardziej tw\u00f3rczych dzia\u0142a\u0144 programu wychowania. Wyzwala uczucia i emocje u dzieci, pozwala na samorealizacj\u0119. Dzi\u0119ki plastyce [&hellip;]<\/p>\n","protected":false},"author":1,"featured_media":0,"comment_status":"closed","ping_status":"closed","sticky":false,"template":"","format":"standard","meta":{"footnotes":""},"categories":[],"tags":[],"class_list":["post-1134","post","type-post","status-publish","format-standard","hentry"],"blocksy_meta":{"styles_descriptor":{"styles":{"desktop":"","tablet":"","mobile":""},"google_fonts":[],"version":6}},"featured_image_urls_v2":{"full":"","thumbnail":"","medium":"","medium_large":"","large":"","1536x1536":"","2048x2048":""},"post_excerpt_stackable_v2":"<p>Plastyka w rozwoju dziecka odgrywa bardzo wa\u017cn\u0105 i \u017cywotn\u0105 rol\u0119. Edukacja plastyczna nale\u017cy do najbardziej tw\u00f3rczych dzia\u0142a\u0144 programu wychowania. Wyzwala uczucia i emocje u dzieci, pozwala na samorealizacj\u0119. Dzi\u0119ki plastyce dziecko nie tylko pobudza i wyra\u017ca swoje my\u015bli i emocje ale r\u00f3wnie\u017c zaspakaja potrzeb\u0119 ekspresji. Zapraszamy dzieci do udzia\u0142u w warsztatach plastycznych. Kiedy? &#8211; 14 kwietnia od godz. 16.00. W tym samym czasie drodzy Rodzice &#8211; WY b\u0119dziecie na zabraniu w szkole podstawowej, wi\u0119c w tym czasie dzieci mog\u0105 zosta\u0107 pod nasz\u0105 opiek\u0105, tworzy\u0107 zabawne pajacyki, jak my, kiedy byli\u015bmy w ich wieku. Do zobaczenia.<\/p>\n","category_list_v2":"Bez kategorii","author_info_v2":{"name":"admin","url":"https:\/\/sport.karlino.pl\/author\/webcarr\/"},"comments_num_v2":"0 comments","_links":{"self":[{"href":"https:\/\/sport.karlino.pl\/index.php\/wp-json\/wp\/v2\/posts\/1134","targetHints":{"allow":["GET"]}}],"collection":[{"href":"https:\/\/sport.karlino.pl\/index.php\/wp-json\/wp\/v2\/posts"}],"about":[{"href":"https:\/\/sport.karlino.pl\/index.php\/wp-json\/wp\/v2\/types\/post"}],"author":[{"embeddable":true,"href":"https:\/\/sport.karlino.pl\/index.php\/wp-json\/wp\/v2\/users\/1"}],"replies":[{"embeddable":true,"href":"https:\/\/sport.karlino.pl\/index.php\/wp-json\/wp\/v2\/comments?post=1134"}],"version-history":[{"count":0,"href":"https:\/\/sport.karlino.pl\/index.php\/wp-json\/wp\/v2\/posts\/1134\/revisions"}],"wp:attachment":[{"href":"https:\/\/sport.karlino.pl\/index.php\/wp-json\/wp\/v2\/media?parent=1134"}],"wp:term":[{"taxonomy":"category","embeddable":true,"href":"https:\/\/sport.karlino.pl\/index.php\/wp-json\/wp\/v2\/categories?post=1134"},{"taxonomy":"post_tag","embeddable":true,"href":"https:\/\/sport.karlino.pl\/index.php\/wp-json\/wp\/v2\/tags?post=1134"}],"curies":[{"name":"wp","href":"https:\/\/api.w.org\/{rel}","templated":true}]}}