{"id":1148,"date":"2016-04-19T09:45:29","date_gmt":"2016-04-19T07:45:29","guid":{"rendered":"http:\/\/www.sport.karlino.pl\/?p=1148"},"modified":"2016-04-19T09:45:51","modified_gmt":"2016-04-19T07:45:51","slug":"za-nami-ii-karlinski-maraton-fitness","status":"publish","type":"post","link":"https:\/\/sport.karlino.pl\/index.php\/2016\/04\/19\/za-nami-ii-karlinski-maraton-fitness\/","title":{"rendered":"Za nami II KARLI\u0143SKI MARATON FITNESS."},"content":{"rendered":"<p>Za nami II KARLI\u0143SKI MARATON FITNESS. Przez p\u00f3\u0142torej godziny blisko 8 pa\u0144 i pan\u00f3w wsp\u00f3lnie \u0107wiczy\u0142o i udowodni\u0142o, \u017ce fitness to spos\u00f3b na \u017cycie, dobr\u0105 form\u0119 i samopoczucie!\u00a0Na maraton sk\u0142ada\u0142o si\u0119 6 blok\u00f3w tematycznych: body shape, step&amp;shape, aerobox, streaching, brazylijskie po\u015bladki i zymba.\u00a0Nieby\u0142o \u0142atwo, ale panowa\u0142a dobra energia, moc, wszystkim udzieli\u0142a si\u0119 zabawa! W ko\u0144cu \u201ew zdrowym ciele zdrowy duch\u201d. Pami\u0119tajcie, sport, rekreacja, czynny wypoczynek to wszystko dla naszego zdrowia, samopoczucia, odreagowania po ci\u0119\u017ckim stresuj\u0105cym tygodniu.<\/p>\n<p>Dzi\u0119kujemy wszystkim, kt\u00f3rym chcia\u0142o si\u0119 przyj\u015b\u0107 i wsp\u00f3lnie z nami zrobi\u0107 co\u015b dla siebie. U\u015bmiech na twarzach potwierdzi\u0142, \u017ce warto by\u0142o przyj\u015b\u0107 i pokaza\u0107, \u017ce w HOMANIT Arena tkwi moc i potencja\u0142. Dzi\u0119kujemy paniom i panom, trenerom, obs\u0142udze oraz firmie KOSPEL.<\/p>\n<div id='gallery-1' class='gallery galleryid-1148 gallery-columns-3 gallery-size-thumbnail'><figure class='gallery-item'>\n\t\t\t<div class='gallery-icon '>\n\t\t\t\t<a href='https:\/\/sport.karlino.pl\/index.php\/2016\/04\/19\/za-nami-ii-karlinski-maraton-fitness\/_dsc0458\/'>_DSC0458<\/a>\n\t\t\t<\/div><\/figure><figure class='gallery-item'>\n\t\t\t<div class='gallery-icon '>\n\t\t\t\t<a href='https:\/\/sport.karlino.pl\/index.php\/2016\/04\/19\/za-nami-ii-karlinski-maraton-fitness\/_dsc0465\/'>_DSC0465<\/a>\n\t\t\t<\/div><\/figure><figure class='gallery-item'>\n\t\t\t<div class='gallery-icon '>\n\t\t\t\t<a href='https:\/\/sport.karlino.pl\/index.php\/2016\/04\/19\/za-nami-ii-karlinski-maraton-fitness\/_dsc0477\/'>_DSC0477<\/a>\n\t\t\t<\/div><\/figure><figure class='gallery-item'>\n\t\t\t<div class='gallery-icon '>\n\t\t\t\t<a href='https:\/\/sport.karlino.pl\/index.php\/2016\/04\/19\/za-nami-ii-karlinski-maraton-fitness\/_dsc0479\/'>_DSC0479<\/a>\n\t\t\t<\/div><\/figure><figure class='gallery-item'>\n\t\t\t<div class='gallery-icon '>\n\t\t\t\t<a href='https:\/\/sport.karlino.pl\/index.php\/2016\/04\/19\/za-nami-ii-karlinski-maraton-fitness\/_dsc0483\/'>_DSC0483<\/a>\n\t\t\t<\/div><\/figure><figure class='gallery-item'>\n\t\t\t<div class='gallery-icon '>\n\t\t\t\t<a href='https:\/\/sport.karlino.pl\/index.php\/2016\/04\/19\/za-nami-ii-karlinski-maraton-fitness\/_dsc0484-2\/'>_DSC0484<\/a>\n\t\t\t<\/div><\/figure><figure class='gallery-item'>\n\t\t\t<div class='gallery-icon '>\n\t\t\t\t<a href='https:\/\/sport.karlino.pl\/index.php\/2016\/04\/19\/za-nami-ii-karlinski-maraton-fitness\/_dsc0485\/'>_DSC0485<\/a>\n\t\t\t<\/div><\/figure><figure class='gallery-item'>\n\t\t\t<div class='gallery-icon '>\n\t\t\t\t<a href='https:\/\/sport.karlino.pl\/index.php\/2016\/04\/19\/za-nami-ii-karlinski-maraton-fitness\/_dsc0494\/'>_DSC0494<\/a>\n\t\t\t<\/div><\/figure><figure class='gallery-item'>\n\t\t\t<div class='gallery-icon '>\n\t\t\t\t<a href='https:\/\/sport.karlino.pl\/index.php\/2016\/04\/19\/za-nami-ii-karlinski-maraton-fitness\/_dsc0501\/'>_DSC0501<\/a>\n\t\t\t<\/div><\/figure><figure class='gallery-item'>\n\t\t\t<div class='gallery-icon '>\n\t\t\t\t<a href='https:\/\/sport.karlino.pl\/index.php\/2016\/04\/19\/za-nami-ii-karlinski-maraton-fitness\/_dsc0505\/'>_DSC0505<\/a>\n\t\t\t<\/div><\/figure><figure class='gallery-item'>\n\t\t\t<div class='gallery-icon '>\n\t\t\t\t<a href='https:\/\/sport.karlino.pl\/index.php\/2016\/04\/19\/za-nami-ii-karlinski-maraton-fitness\/_dsc0508\/'>_DSC0508<\/a>\n\t\t\t<\/div><\/figure><figure class='gallery-item'>\n\t\t\t<div class='gallery-icon '>\n\t\t\t\t<a href='https:\/\/sport.karlino.pl\/index.php\/2016\/04\/19\/za-nami-ii-karlinski-maraton-fitness\/_dsc0513\/'>_DSC0513<\/a>\n\t\t\t<\/div><\/figure><figure class='gallery-item'>\n\t\t\t<div class='gallery-icon '>\n\t\t\t\t<a href='https:\/\/sport.karlino.pl\/index.php\/2016\/04\/19\/za-nami-ii-karlinski-maraton-fitness\/_dsc0524\/'>_DSC0524<\/a>\n\t\t\t<\/div><\/figure><figure class='gallery-item'>\n\t\t\t<div class='gallery-icon '>\n\t\t\t\t<a href='https:\/\/sport.karlino.pl\/index.php\/2016\/04\/19\/za-nami-ii-karlinski-maraton-fitness\/_dsc0534\/'>_DSC0534<\/a>\n\t\t\t<\/div><\/figure><figure class='gallery-item'>\n\t\t\t<div class='gallery-icon '>\n\t\t\t\t<a href='https:\/\/sport.karlino.pl\/index.php\/2016\/04\/19\/za-nami-ii-karlinski-maraton-fitness\/_dsc0549\/'>_DSC0549<\/a>\n\t\t\t<\/div><\/figure><figure class='gallery-item'>\n\t\t\t<div class='gallery-icon '>\n\t\t\t\t<a href='https:\/\/sport.karlino.pl\/index.php\/2016\/04\/19\/za-nami-ii-karlinski-maraton-fitness\/_dsc0563\/'>_DSC0563<\/a>\n\t\t\t<\/div><\/figure><figure class='gallery-item'>\n\t\t\t<div class='gallery-icon '>\n\t\t\t\t<a href='https:\/\/sport.karlino.pl\/index.php\/2016\/04\/19\/za-nami-ii-karlinski-maraton-fitness\/_dsc0576\/'>_DSC0576<\/a>\n\t\t\t<\/div><\/figure><figure class='gallery-item'>\n\t\t\t<div class='gallery-icon '>\n\t\t\t\t<a href='https:\/\/sport.karlino.pl\/index.php\/2016\/04\/19\/za-nami-ii-karlinski-maraton-fitness\/_dsc0582\/'>_DSC0582<\/a>\n\t\t\t<\/div><\/figure><figure class='gallery-item'>\n\t\t\t<div class='gallery-icon '>\n\t\t\t\t<a href='https:\/\/sport.karlino.pl\/index.php\/2016\/04\/19\/za-nami-ii-karlinski-maraton-fitness\/_dsc0599\/'>_DSC0599<\/a>\n\t\t\t<\/div><\/figure><figure class='gallery-item'>\n\t\t\t<div class='gallery-icon '>\n\t\t\t\t<a href='https:\/\/sport.karlino.pl\/index.php\/2016\/04\/19\/za-nami-ii-karlinski-maraton-fitness\/_dsc0601\/'>_DSC0601<\/a>\n\t\t\t<\/div><\/figure><figure class='gallery-item'>\n\t\t\t<div class='gallery-icon '>\n\t\t\t\t<a href='https:\/\/sport.karlino.pl\/index.php\/2016\/04\/19\/za-nami-ii-karlinski-maraton-fitness\/_dsc0603\/'>_DSC0603<\/a>\n\t\t\t<\/div><\/figure>\n\t\t<\/div>\n\n","protected":false},"excerpt":{"rendered":"<p>Za nami II KARLI\u0143SKI MARATON FITNESS. Przez p\u00f3\u0142torej godziny blisko 8 pa\u0144 i pan\u00f3w wsp\u00f3lnie \u0107wiczy\u0142o i udowodni\u0142o, \u017ce fitness to spos\u00f3b na \u017cycie, dobr\u0105 form\u0119 i samopoczucie!\u00a0Na maraton sk\u0142ada\u0142o [&hellip;]<\/p>\n","protected":false},"author":1,"featured_media":0,"comment_status":"closed","ping_status":"closed","sticky":false,"template":"","format":"standard","meta":{"footnotes":""},"categories":[],"tags":[],"class_list":["post-1148","post","type-post","status-publish","format-standard","hentry"],"blocksy_meta":{"styles_descriptor":{"styles":{"desktop":"","tablet":"","mobile":""},"google_fonts":[],"version":6}},"featured_image_urls_v2":{"full":"","thumbnail":"","medium":"","medium_large":"","large":"","1536x1536":"","2048x2048":""},"post_excerpt_stackable_v2":"<p>Za nami II KARLI\u0143SKI MARATON FITNESS. Przez p\u00f3\u0142torej godziny blisko 8 pa\u0144 i pan\u00f3w wsp\u00f3lnie \u0107wiczy\u0142o i udowodni\u0142o, \u017ce fitness to spos\u00f3b na \u017cycie, dobr\u0105 form\u0119 i samopoczucie!\u00a0Na maraton sk\u0142ada\u0142o si\u0119 6 blok\u00f3w tematycznych: body shape, step&amp;shape, aerobox, streaching, brazylijskie po\u015bladki i zymba.\u00a0Nieby\u0142o \u0142atwo, ale panowa\u0142a dobra energia, moc, wszystkim udzieli\u0142a si\u0119 zabawa! W ko\u0144cu \u201ew zdrowym ciele zdrowy duch\u201d. Pami\u0119tajcie, sport, rekreacja, czynny wypoczynek to wszystko dla naszego zdrowia, samopoczucia, odreagowania po ci\u0119\u017ckim stresuj\u0105cym tygodniu. Dzi\u0119kujemy wszystkim, kt\u00f3rym chcia\u0142o si\u0119 przyj\u015b\u0107 i wsp\u00f3lnie z nami zrobi\u0107 co\u015b dla siebie. U\u015bmiech na twarzach potwierdzi\u0142, \u017ce warto by\u0142o przyj\u015b\u0107 i pokaza\u0107,&hellip;<\/p>\n","category_list_v2":"Bez kategorii","author_info_v2":{"name":"admin","url":"https:\/\/sport.karlino.pl\/author\/webcarr\/"},"comments_num_v2":"0 comments","_links":{"self":[{"href":"https:\/\/sport.karlino.pl\/index.php\/wp-json\/wp\/v2\/posts\/1148","targetHints":{"allow":["GET"]}}],"collection":[{"href":"https:\/\/sport.karlino.pl\/index.php\/wp-json\/wp\/v2\/posts"}],"about":[{"href":"https:\/\/sport.karlino.pl\/index.php\/wp-json\/wp\/v2\/types\/post"}],"author":[{"embeddable":true,"href":"https:\/\/sport.karlino.pl\/index.php\/wp-json\/wp\/v2\/users\/1"}],"replies":[{"embeddable":true,"href":"https:\/\/sport.karlino.pl\/index.php\/wp-json\/wp\/v2\/comments?post=1148"}],"version-history":[{"count":0,"href":"https:\/\/sport.karlino.pl\/index.php\/wp-json\/wp\/v2\/posts\/1148\/revisions"}],"wp:attachment":[{"href":"https:\/\/sport.karlino.pl\/index.php\/wp-json\/wp\/v2\/media?parent=1148"}],"wp:term":[{"taxonomy":"category","embeddable":true,"href":"https:\/\/sport.karlino.pl\/index.php\/wp-json\/wp\/v2\/categories?post=1148"},{"taxonomy":"post_tag","embeddable":true,"href":"https:\/\/sport.karlino.pl\/index.php\/wp-json\/wp\/v2\/tags?post=1148"}],"curies":[{"name":"wp","href":"https:\/\/api.w.org\/{rel}","templated":true}]}}