{"id":1655,"date":"2016-08-10T13:33:10","date_gmt":"2016-08-10T11:33:10","guid":{"rendered":"http:\/\/www.sport.karlino.pl\/?p=1655"},"modified":"2016-08-10T13:34:27","modified_gmt":"2016-08-10T11:34:27","slug":"mecz-zapasniczki-ministranci","status":"publish","type":"post","link":"https:\/\/sport.karlino.pl\/index.php\/2016\/08\/10\/mecz-zapasniczki-ministranci\/","title":{"rendered":"Mecz zapa\u015bniczki-ministranci"},"content":{"rendered":"<p>Reprezentacja Polski w zapasach kobiet juniorek m\u0142odszych bior\u0105ca udzia\u0142 w zgrupowaniu w okresie 05.08 \u2013 13.08.2016 przygotowuj\u0105c si\u0119 do mistrzostw \u015bwiata, kt\u00f3re odb\u0119d\u0105 si\u0119 w po\u0142owie wrze\u015bnia w Tibilisi w Gruzji w dniu dzisiejszym rozegra\u0142y turniej integracyjny pi\u0142ki no\u017cnej razem z ministrantami z gminy Karlino pod wodz\u0105 Ks. Grzegorz Jagodzi\u0144skiego. Zapraszamy na mecz, kt\u00f3ry ma si\u0119 odby\u0107 09.08.2016 w Hali Homanit Arena pomi\u0119dzy reprezentacj\u0105 Polski i Ukrainy w zapasach kobiet juniorek m\u0142odszych.<\/p>\n<div id='gallery-1' class='gallery galleryid-1655 gallery-columns-3 gallery-size-medium'><figure class='gallery-item'>\n\t\t\t<div class='gallery-icon '>\n\t\t\t\t<a href='https:\/\/sport.karlino.pl\/index.php\/2016\/08\/10\/mecz-zapasniczki-ministranci\/_dsc0040-5\/'>_DSC0040<\/a>\n\t\t\t<\/div><\/figure><figure class='gallery-item'>\n\t\t\t<div class='gallery-icon '>\n\t\t\t\t<a href='https:\/\/sport.karlino.pl\/index.php\/2016\/08\/10\/mecz-zapasniczki-ministranci\/_dsc0015-6\/'>_DSC0015<\/a>\n\t\t\t<\/div><\/figure><figure class='gallery-item'>\n\t\t\t<div class='gallery-icon '>\n\t\t\t\t<a href='https:\/\/sport.karlino.pl\/index.php\/2016\/08\/10\/mecz-zapasniczki-ministranci\/_dsc0051-3\/'>_DSC0051<\/a>\n\t\t\t<\/div><\/figure><figure class='gallery-item'>\n\t\t\t<div class='gallery-icon '>\n\t\t\t\t<a href='https:\/\/sport.karlino.pl\/index.php\/2016\/08\/10\/mecz-zapasniczki-ministranci\/_dsc0036-8\/'>_DSC0036<\/a>\n\t\t\t<\/div><\/figure><figure class='gallery-item'>\n\t\t\t<div class='gallery-icon '>\n\t\t\t\t<a href='https:\/\/sport.karlino.pl\/index.php\/2016\/08\/10\/mecz-zapasniczki-ministranci\/_dsc0027-10\/'>_DSC0027<\/a>\n\t\t\t<\/div><\/figure><figure class='gallery-item'>\n\t\t\t<div class='gallery-icon '>\n\t\t\t\t<a href='https:\/\/sport.karlino.pl\/index.php\/2016\/08\/10\/mecz-zapasniczki-ministranci\/_dsc0064-2\/'>_DSC0064<\/a>\n\t\t\t<\/div><\/figure><figure class='gallery-item'>\n\t\t\t<div class='gallery-icon '>\n\t\t\t\t<a href='https:\/\/sport.karlino.pl\/index.php\/2016\/08\/10\/mecz-zapasniczki-ministranci\/_dsc0094-2\/'>_DSC0094<\/a>\n\t\t\t<\/div><\/figure><figure class='gallery-item'>\n\t\t\t<div class='gallery-icon '>\n\t\t\t\t<a href='https:\/\/sport.karlino.pl\/index.php\/2016\/08\/10\/mecz-zapasniczki-ministranci\/_dsc0044-5\/'>_DSC0044<\/a>\n\t\t\t<\/div><\/figure><figure class='gallery-item'>\n\t\t\t<div class='gallery-icon '>\n\t\t\t\t<a href='https:\/\/sport.karlino.pl\/index.php\/2016\/08\/10\/mecz-zapasniczki-ministranci\/_dsc0030-10\/'>_DSC0030<\/a>\n\t\t\t<\/div><\/figure><figure class='gallery-item'>\n\t\t\t<div class='gallery-icon '>\n\t\t\t\t<a href='https:\/\/sport.karlino.pl\/index.php\/2016\/08\/10\/mecz-zapasniczki-ministranci\/_dsc0082\/'>_DSC0082<\/a>\n\t\t\t<\/div><\/figure><figure class='gallery-item'>\n\t\t\t<div class='gallery-icon '>\n\t\t\t\t<a href='https:\/\/sport.karlino.pl\/index.php\/2016\/08\/10\/mecz-zapasniczki-ministranci\/_dsc0065-2\/'>_DSC0065<\/a>\n\t\t\t<\/div><\/figure><figure class='gallery-item'>\n\t\t\t<div class='gallery-icon '>\n\t\t\t\t<a href='https:\/\/sport.karlino.pl\/index.php\/2016\/08\/10\/mecz-zapasniczki-ministranci\/_dsc0054-2\/'>_DSC0054<\/a>\n\t\t\t<\/div><\/figure><figure class='gallery-item'>\n\t\t\t<div class='gallery-icon '>\n\t\t\t\t<a href='https:\/\/sport.karlino.pl\/index.php\/2016\/08\/10\/mecz-zapasniczki-ministranci\/_dsc0020-7\/'>_DSC0020<\/a>\n\t\t\t<\/div><\/figure><figure class='gallery-item'>\n\t\t\t<div class='gallery-icon '>\n\t\t\t\t<a href='https:\/\/sport.karlino.pl\/index.php\/2016\/08\/10\/mecz-zapasniczki-ministranci\/_dsc0055-3\/'>_DSC0055<\/a>\n\t\t\t<\/div><\/figure><figure class='gallery-item'>\n\t\t\t<div class='gallery-icon '>\n\t\t\t\t<a href='https:\/\/sport.karlino.pl\/index.php\/2016\/08\/10\/mecz-zapasniczki-ministranci\/_dsc0026-7\/'>_DSC0026<\/a>\n\t\t\t<\/div><\/figure><figure class='gallery-item'>\n\t\t\t<div class='gallery-icon '>\n\t\t\t\t<a href='https:\/\/sport.karlino.pl\/index.php\/2016\/08\/10\/mecz-zapasniczki-ministranci\/_dsc0041-7\/'>_DSC0041<\/a>\n\t\t\t<\/div><\/figure><figure class='gallery-item'>\n\t\t\t<div class='gallery-icon '>\n\t\t\t\t<a href='https:\/\/sport.karlino.pl\/index.php\/2016\/08\/10\/mecz-zapasniczki-ministranci\/_dsc0088\/'>_DSC0088<\/a>\n\t\t\t<\/div><\/figure><figure class='gallery-item'>\n\t\t\t<div class='gallery-icon '>\n\t\t\t\t<a href='https:\/\/sport.karlino.pl\/index.php\/2016\/08\/10\/mecz-zapasniczki-ministranci\/_dsc0062-2\/'>_DSC0062<\/a>\n\t\t\t<\/div><\/figure><figure class='gallery-item'>\n\t\t\t<div class='gallery-icon '>\n\t\t\t\t<a href='https:\/\/sport.karlino.pl\/index.php\/2016\/08\/10\/mecz-zapasniczki-ministranci\/_dsc0029-7\/'>_DSC0029<\/a>\n\t\t\t<\/div><\/figure><figure class='gallery-item'>\n\t\t\t<div class='gallery-icon '>\n\t\t\t\t<a href='https:\/\/sport.karlino.pl\/index.php\/2016\/08\/10\/mecz-zapasniczki-ministranci\/_dsc0028-9\/'>_DSC0028<\/a>\n\t\t\t<\/div><\/figure><figure class='gallery-item'>\n\t\t\t<div class='gallery-icon '>\n\t\t\t\t<a href='https:\/\/sport.karlino.pl\/index.php\/2016\/08\/10\/mecz-zapasniczki-ministranci\/_dsc0039-5\/'>_DSC0039<\/a>\n\t\t\t<\/div><\/figure><figure class='gallery-item'>\n\t\t\t<div class='gallery-icon '>\n\t\t\t\t<a href='https:\/\/sport.karlino.pl\/index.php\/2016\/08\/10\/mecz-zapasniczki-ministranci\/_dsc0073-4\/'>_DSC0073<\/a>\n\t\t\t<\/div><\/figure><figure class='gallery-item'>\n\t\t\t<div class='gallery-icon '>\n\t\t\t\t<a href='https:\/\/sport.karlino.pl\/index.php\/2016\/08\/10\/mecz-zapasniczki-ministranci\/_dsc0084\/'>_DSC0084<\/a>\n\t\t\t<\/div><\/figure><figure class='gallery-item'>\n\t\t\t<div class='gallery-icon '>\n\t\t\t\t<a href='https:\/\/sport.karlino.pl\/index.php\/2016\/08\/10\/mecz-zapasniczki-ministranci\/_dsc0042-7\/'>_DSC0042<\/a>\n\t\t\t<\/div><\/figure><figure class='gallery-item'>\n\t\t\t<div class='gallery-icon '>\n\t\t\t\t<a href='https:\/\/sport.karlino.pl\/index.php\/2016\/08\/10\/mecz-zapasniczki-ministranci\/_dsc0067-3\/'>_DSC0067<\/a>\n\t\t\t<\/div><\/figure><figure class='gallery-item'>\n\t\t\t<div class='gallery-icon '>\n\t\t\t\t<a href='https:\/\/sport.karlino.pl\/index.php\/2016\/08\/10\/mecz-zapasniczki-ministranci\/_dsc0052-4\/'>_DSC0052<\/a>\n\t\t\t<\/div><\/figure><figure class='gallery-item'>\n\t\t\t<div class='gallery-icon '>\n\t\t\t\t<a href='https:\/\/sport.karlino.pl\/index.php\/2016\/08\/10\/mecz-zapasniczki-ministranci\/_dsc0072-4\/'>_DSC0072<\/a>\n\t\t\t<\/div><\/figure><figure class='gallery-item'>\n\t\t\t<div class='gallery-icon '>\n\t\t\t\t<a href='https:\/\/sport.karlino.pl\/index.php\/2016\/08\/10\/mecz-zapasniczki-ministranci\/_dsc0057-2\/'>_DSC0057<\/a>\n\t\t\t<\/div><\/figure><figure class='gallery-item'>\n\t\t\t<div class='gallery-icon '>\n\t\t\t\t<a href='https:\/\/sport.karlino.pl\/index.php\/2016\/08\/10\/mecz-zapasniczki-ministranci\/_dsc0061-2\/'>_DSC0061<\/a>\n\t\t\t<\/div><\/figure><figure class='gallery-item'>\n\t\t\t<div class='gallery-icon '>\n\t\t\t\t<a href='https:\/\/sport.karlino.pl\/index.php\/2016\/08\/10\/mecz-zapasniczki-ministranci\/_dsc0074-2\/'>_DSC0074<\/a>\n\t\t\t<\/div><\/figure><figure class='gallery-item'>\n\t\t\t<div class='gallery-icon '>\n\t\t\t\t<a href='https:\/\/sport.karlino.pl\/index.php\/2016\/08\/10\/mecz-zapasniczki-ministranci\/_dsc0058-3\/'>_DSC0058<\/a>\n\t\t\t<\/div><\/figure><figure class='gallery-item'>\n\t\t\t<div class='gallery-icon '>\n\t\t\t\t<a href='https:\/\/sport.karlino.pl\/index.php\/2016\/08\/10\/mecz-zapasniczki-ministranci\/_dsc0008-4\/'>_DSC0008<\/a>\n\t\t\t<\/div><\/figure><figure class='gallery-item'>\n\t\t\t<div class='gallery-icon '>\n\t\t\t\t<a href='https:\/\/sport.karlino.pl\/index.php\/2016\/08\/10\/mecz-zapasniczki-ministranci\/_dsc0022-5\/'>_DSC0022<\/a>\n\t\t\t<\/div><\/figure><figure class='gallery-item'>\n\t\t\t<div class='gallery-icon '>\n\t\t\t\t<a href='https:\/\/sport.karlino.pl\/index.php\/2016\/08\/10\/mecz-zapasniczki-ministranci\/_dsc0016-8\/'>_DSC0016<\/a>\n\t\t\t<\/div><\/figure><figure class='gallery-item'>\n\t\t\t<div class='gallery-icon '>\n\t\t\t\t<a href='https:\/\/sport.karlino.pl\/index.php\/2016\/08\/10\/mecz-zapasniczki-ministranci\/_dsc0045-6\/'>_DSC0045<\/a>\n\t\t\t<\/div><\/figure><figure class='gallery-item'>\n\t\t\t<div class='gallery-icon '>\n\t\t\t\t<a href='https:\/\/sport.karlino.pl\/index.php\/2016\/08\/10\/mecz-zapasniczki-ministranci\/_dsc0037-6\/'>_DSC0037<\/a>\n\t\t\t<\/div><\/figure>\n\t\t<\/div>\n\n","protected":false},"excerpt":{"rendered":"<p>Reprezentacja Polski w zapasach kobiet juniorek m\u0142odszych bior\u0105ca udzia\u0142 w zgrupowaniu w okresie 05.08 \u2013 13.08.2016 przygotowuj\u0105c si\u0119 do mistrzostw \u015bwiata, kt\u00f3re odb\u0119d\u0105 si\u0119 w po\u0142owie wrze\u015bnia w Tibilisi w [&hellip;]<\/p>\n","protected":false},"author":1,"featured_media":0,"comment_status":"closed","ping_status":"closed","sticky":false,"template":"","format":"standard","meta":{"footnotes":""},"categories":[],"tags":[],"class_list":["post-1655","post","type-post","status-publish","format-standard","hentry"],"blocksy_meta":{"styles_descriptor":{"styles":{"desktop":"","tablet":"","mobile":""},"google_fonts":[],"version":6}},"featured_image_urls_v2":{"full":"","thumbnail":"","medium":"","medium_large":"","large":"","1536x1536":"","2048x2048":""},"post_excerpt_stackable_v2":"<p>Reprezentacja Polski w zapasach kobiet juniorek m\u0142odszych bior\u0105ca udzia\u0142 w zgrupowaniu w okresie 05.08 \u2013 13.08.2016 przygotowuj\u0105c si\u0119 do mistrzostw \u015bwiata, kt\u00f3re odb\u0119d\u0105 si\u0119 w po\u0142owie wrze\u015bnia w Tibilisi w Gruzji w dniu dzisiejszym rozegra\u0142y turniej integracyjny pi\u0142ki no\u017cnej razem z ministrantami z gminy Karlino pod wodz\u0105 Ks. Grzegorz Jagodzi\u0144skiego. Zapraszamy na mecz, kt\u00f3ry ma si\u0119 odby\u0107 09.08.2016 w Hali Homanit Arena pomi\u0119dzy reprezentacj\u0105 Polski i Ukrainy w zapasach kobiet juniorek m\u0142odszych. _DSC0037 _DSC0065 _DSC0027 _DSC0030 _DSC0028 _DSC0088 _DSC0051 _DSC0073 _DSC0042 _DSC0036 _DSC0039 _DSC0062 _DSC0040 _DSC0045 _DSC0052 _DSC0064 _DSC0084 _DSC0044 _DSC0055 _DSC0057 _DSC0041 _DSC0008 _DSC0061 _DSC0074 _DSC0029 _DSC0026 _DSC0015 _DSC0016&hellip;<\/p>\n","category_list_v2":"Bez kategorii","author_info_v2":{"name":"admin","url":"https:\/\/sport.karlino.pl\/author\/webcarr\/"},"comments_num_v2":"0 comments","_links":{"self":[{"href":"https:\/\/sport.karlino.pl\/index.php\/wp-json\/wp\/v2\/posts\/1655","targetHints":{"allow":["GET"]}}],"collection":[{"href":"https:\/\/sport.karlino.pl\/index.php\/wp-json\/wp\/v2\/posts"}],"about":[{"href":"https:\/\/sport.karlino.pl\/index.php\/wp-json\/wp\/v2\/types\/post"}],"author":[{"embeddable":true,"href":"https:\/\/sport.karlino.pl\/index.php\/wp-json\/wp\/v2\/users\/1"}],"replies":[{"embeddable":true,"href":"https:\/\/sport.karlino.pl\/index.php\/wp-json\/wp\/v2\/comments?post=1655"}],"version-history":[{"count":0,"href":"https:\/\/sport.karlino.pl\/index.php\/wp-json\/wp\/v2\/posts\/1655\/revisions"}],"wp:attachment":[{"href":"https:\/\/sport.karlino.pl\/index.php\/wp-json\/wp\/v2\/media?parent=1655"}],"wp:term":[{"taxonomy":"category","embeddable":true,"href":"https:\/\/sport.karlino.pl\/index.php\/wp-json\/wp\/v2\/categories?post=1655"},{"taxonomy":"post_tag","embeddable":true,"href":"https:\/\/sport.karlino.pl\/index.php\/wp-json\/wp\/v2\/tags?post=1655"}],"curies":[{"name":"wp","href":"https:\/\/api.w.org\/{rel}","templated":true}]}}