{"id":180,"date":"2015-05-29T18:24:07","date_gmt":"2015-05-29T16:24:07","guid":{"rendered":"http:\/\/www.sport.karlino.pl\/?p=180"},"modified":"2015-06-09T10:20:04","modified_gmt":"2015-06-09T08:20:04","slug":"xxiii-bieg-papieski-domacyno-karlino-2015","status":"publish","type":"post","link":"https:\/\/sport.karlino.pl\/index.php\/2015\/05\/29\/xxiii-bieg-papieski-domacyno-karlino-2015\/","title":{"rendered":"XXIII Bieg Papieski Domacyno-Karlino 2015"},"content":{"rendered":"<p>Bieg Papieski jest\u00a0 imprez\u0105 sportow\u0105 o wymiarze mi\u0119dzynarodowym, kt\u00f3r\u0105 mamy zaszczyt z sukcesem organizowa\u0107 na swoim terenie ju\u017c od 16 lat. Jest to sportowo \u2013 kulturalne wydarzenie, kt\u00f3re swoj\u0105 histori\u0105 si\u0119ga Pielgrzymki papie\u017ca Jana Paw\u0142a II do Koszalina w roku 1991. W celu uczczenia\u00a0 tego donios\u0142ego wydarzenia, rok p\u00f3\u017aniej z inicjatywy mieszka\u0144ca Koszalina J\u00f3zefa Niekrasza odby\u0142 si\u0119 uliczny \u201ebieg papieski\u201d, kt\u00f3rego organizacji\u00a0 od roku 2000 podj\u0119\u0142y si\u0119 w\u0142adze Miasta i Gminy Karlino, chc\u0105c uczci\u0107 i utrwali\u0107 szacunek i mi\u0142o\u015b\u0107 do Papie\u017ca Polaka.\u00a0 Impreza ta, to nie tylko wydarzenie religijne, ale przede wszystkim wielkie wydarzenie sportowe, kt\u00f3re przyci\u0105ga ka\u017cdego roku wielu czo\u0142owych\u00a0 zawodnik\u00f3w z Polski,\u00a0 oraz z zagranicy.<\/p>\n<p><img fetchpriority=\"high\" decoding=\"async\" src=\"http:\/\/karlino.pl\/portal_2013\/karlino\/web\/uploads\/pub\/news\/news_5322\/text\/BANER%20BIEG%20PAPIESKI%202015.jpg\" alt=\"\" width=\"369\" height=\"168\" \/><\/p>\n<p>Bieg rozpoczyna si\u0119 pod Figur\u0105 Matki Bo\u017cej Kr\u00f3lowej \u015awiata w Domacynie, kt\u00f3r\u0105 w 1995r. ufundowali Filipi\u0144czycy jako dar wdzi\u0119czno\u015bci dla Papie\u017ca Polaka. Trasa biegu\u00a0 ko\u0144czy si\u0119 na stadionie miejskim w Karlinie i liczy 15km.<\/p>\n<p>W ci\u0105gu kilkunastu lat impreza organizowana przez Gmin\u0119 Karlino rozros\u0142a si\u0119 i zyska\u0142a miano imprezy mi\u0119dzynarodowej, gdy\u017c bior\u0105 w niej udzia\u0142 zar\u00f3wno amatorzy jak i znani biegacze &#8211; sportowcy z Polski Bia\u0142orusi, Ukrainy, Niemiec oraz Tanzanii i Kenii. O wysokim poziomie imprezy \u015bwiadczy r\u00f3wnie\u017c fakt, i\u017c bior\u0105 w nim udzia\u0142 Mistrzowie Polski, Europy, a nawet olimpijczycy. W\u00a02010 r. biega\u0142 z nami znany polski olimpijczyk \u2013 Robert Sycz.<\/p>\n<p><strong>Dyrektor Biegu<\/strong> &#8211; Edyta Mielnikiewicz<br \/>\n<strong>Kierownikiem zawod\u00f3w<\/strong> jest Franciszek Terech.<br \/>\n<strong>S\u0119dzia g\u0142\u00f3wny biegu<\/strong> \u2013 Piotr Ko\u0142odziejczyk<br \/>\n<strong>S\u0119dzia startu<\/strong> \u2013 Waldemar Hermanowski<br \/>\n<strong>S\u0119dzia mety<\/strong> \u2013 Tadeusz Hermanowski<\/p>\n<p>Biuro zawod\u00f3w i recepcja czynne dnia 13.06.2015 r. (sobota) od godziny 09.00-21.00 , oraz w dniu zawod\u00f3w 14.06.2015 r. od godziny 8.00-14.00.<\/p>\n<p>Adres organizator\u00f3w :<br \/>\nKomitet Organizacyjny Biegu<br \/>\nul. Ko\u015bciuszki 1A<br \/>\n78-230 Karlino<br \/>\ntel. 48 94 311 60 50<br \/>\ntel. kom. 570 990 747<br \/>\ne-mail : <a href=\"mailto:hala@karlino.pl\">hala@karlino.pl<\/a><\/p>\n<p><strong>Organizatorzy:<\/strong><\/p>\n<p>Zarz\u0105d Obiekt\u00f3w Sportowych, Turystycznych i Rekreacyjnych<\/p>\n<p>Urz\u0105d Miejski w Karlinie<\/p>\n<p>Kuria Biskupia Diecezji Koszali\u0144sko-Ko\u0142obrzeskiej.<\/p>\n<p>&nbsp;<\/p>\n<p align=\"left\"><strong>Op\u0142ata startowa wniesiona do dnia 12.06.2015. wynosi 15,00 z\u0142otych (p\u0142atne przelewem na konto Bank Sp\u00f3\u0142dzielczy Odzia\u0142 w Karlinie nr konta 50 8562 0007 0020 0064 2000 0010), wpisowe w dniu 13 i 14.06.2015r. \u2013 30 z\u0142 \u2013 forma p\u0142atno\u015bci: got\u00f3wka w biurze biegu). Z op\u0142aty startowej zwolnione s\u0105 osoby, kt\u00f3re maj\u0105 60 lat\u00a0 i starsze, osoby niepe\u0142nosprawne i poruszaj\u0105ce si\u0119 na w\u00f3zkach inwalidzkich.<\/strong><\/p>\n<p>Prosimy poda\u0107: Imi\u0119 i nazwisko, miejscowo\u015b\u0107\/klub oraz dopisek: \u201eOp\u0142ata startowa \u2013 XXIII Bieg Papieski\u201d.<\/p>\n<p>Program Biegu Papieskiego i regulaminy znajdziecie Pa\u0144stwo poni\u017cej jako za\u0142\u0105czniki.<\/p>\n<p><strong>Rejestrowa\u0107 si\u0119 na bieg mo\u017cna za pomoc\u0105 strony: <a href=\"http:\/\/www.inetsport.pl\/\" target=\"_blank\" rel=\"noopener\">www.inetsport.pl<\/a><\/strong><\/p>\n<p><strong>W tym celu nale\u017cy zalogowa\u0107\u00a0 si\u0119 na stronie, a nast\u0119pnie wype\u0142ni\u0107 formularz rejestracyjny.<\/strong><\/p>\n","protected":false},"excerpt":{"rendered":"<p>Bieg Papieski jest\u00a0 imprez\u0105 sportow\u0105 o wymiarze mi\u0119dzynarodowym, kt\u00f3r\u0105 mamy zaszczyt z sukcesem organizowa\u0107 na swoim terenie ju\u017c od 16 lat. Jest to sportowo \u2013 kulturalne wydarzenie, kt\u00f3re swoj\u0105 histori\u0105 [&hellip;]<\/p>\n","protected":false},"author":1,"featured_media":0,"comment_status":"closed","ping_status":"closed","sticky":false,"template":"","format":"standard","meta":{"footnotes":""},"categories":[],"tags":[],"class_list":["post-180","post","type-post","status-publish","format-standard","hentry"],"blocksy_meta":{"styles_descriptor":{"styles":{"desktop":"","tablet":"","mobile":""},"google_fonts":[],"version":6}},"featured_image_urls_v2":{"full":"","thumbnail":"","medium":"","medium_large":"","large":"","1536x1536":"","2048x2048":""},"post_excerpt_stackable_v2":"<p>Bieg Papieski jest\u00a0 imprez\u0105 sportow\u0105 o wymiarze mi\u0119dzynarodowym, kt\u00f3r\u0105 mamy zaszczyt z sukcesem organizowa\u0107 na swoim terenie ju\u017c od 16 lat. Jest to sportowo \u2013 kulturalne wydarzenie, kt\u00f3re swoj\u0105 histori\u0105 si\u0119ga Pielgrzymki papie\u017ca Jana Paw\u0142a II do Koszalina w roku 1991. W celu uczczenia\u00a0 tego donios\u0142ego wydarzenia, rok p\u00f3\u017aniej z inicjatywy mieszka\u0144ca Koszalina J\u00f3zefa Niekrasza odby\u0142 si\u0119 uliczny \u201ebieg papieski\u201d, kt\u00f3rego organizacji\u00a0 od roku 2000 podj\u0119\u0142y si\u0119 w\u0142adze Miasta i Gminy Karlino, chc\u0105c uczci\u0107 i utrwali\u0107 szacunek i mi\u0142o\u015b\u0107 do Papie\u017ca Polaka.\u00a0 Impreza ta, to nie tylko wydarzenie religijne, ale przede wszystkim wielkie wydarzenie sportowe, kt\u00f3re przyci\u0105ga ka\u017cdego roku wielu&hellip;<\/p>\n","category_list_v2":"Bez kategorii","author_info_v2":{"name":"admin","url":"https:\/\/sport.karlino.pl\/author\/webcarr\/"},"comments_num_v2":"0 comments","_links":{"self":[{"href":"https:\/\/sport.karlino.pl\/index.php\/wp-json\/wp\/v2\/posts\/180","targetHints":{"allow":["GET"]}}],"collection":[{"href":"https:\/\/sport.karlino.pl\/index.php\/wp-json\/wp\/v2\/posts"}],"about":[{"href":"https:\/\/sport.karlino.pl\/index.php\/wp-json\/wp\/v2\/types\/post"}],"author":[{"embeddable":true,"href":"https:\/\/sport.karlino.pl\/index.php\/wp-json\/wp\/v2\/users\/1"}],"replies":[{"embeddable":true,"href":"https:\/\/sport.karlino.pl\/index.php\/wp-json\/wp\/v2\/comments?post=180"}],"version-history":[{"count":0,"href":"https:\/\/sport.karlino.pl\/index.php\/wp-json\/wp\/v2\/posts\/180\/revisions"}],"wp:attachment":[{"href":"https:\/\/sport.karlino.pl\/index.php\/wp-json\/wp\/v2\/media?parent=180"}],"wp:term":[{"taxonomy":"category","embeddable":true,"href":"https:\/\/sport.karlino.pl\/index.php\/wp-json\/wp\/v2\/categories?post=180"},{"taxonomy":"post_tag","embeddable":true,"href":"https:\/\/sport.karlino.pl\/index.php\/wp-json\/wp\/v2\/tags?post=180"}],"curies":[{"name":"wp","href":"https:\/\/api.w.org\/{rel}","templated":true}]}}