{"id":2529,"date":"2016-08-21T08:54:49","date_gmt":"2016-08-21T06:54:49","guid":{"rendered":"http:\/\/www.sport.karlino.pl\/?p=2529"},"modified":"2016-09-16T09:38:29","modified_gmt":"2016-09-16T07:38:29","slug":"ratownikiem-byc","status":"publish","type":"post","link":"https:\/\/sport.karlino.pl\/index.php\/2016\/08\/21\/ratownikiem-byc\/","title":{"rendered":"RATOWNIKIEM BY\u0106"},"content":{"rendered":"<div id=\"js_oc\" class=\"_5pbx userContent\" data-ft=\"{&quot;tn&quot;:&quot;K&quot;}\">\n<p>24.08.2016, czyli Kolejna ods\u0142ona bezpiecznych wakacji na karli\u0144skiej pla\u017cy.<br \/>\nTym razem &#8220;ma\u0142e co nieco&#8221; dla m\u0142odzie\u017cy.<br \/>\nZapraszamy.<\/p>\n<\/div>\n","protected":false},"excerpt":{"rendered":"<p>24.08.2016, czyli Kolejna ods\u0142ona bezpiecznych wakacji na karli\u0144skiej pla\u017cy. Tym razem &#8220;ma\u0142e co nieco&#8221; dla m\u0142odzie\u017cy. Zapraszamy.<\/p>\n","protected":false},"author":8,"featured_media":0,"comment_status":"closed","ping_status":"closed","sticky":false,"template":"","format":"standard","meta":{"footnotes":""},"categories":[],"tags":[],"class_list":["post-2529","post","type-post","status-publish","format-standard","hentry"],"blocksy_meta":{"styles_descriptor":{"styles":{"desktop":"","tablet":"","mobile":""},"google_fonts":[],"version":6}},"featured_image_urls_v2":{"full":"","thumbnail":"","medium":"","medium_large":"","large":"","1536x1536":"","2048x2048":""},"post_excerpt_stackable_v2":"<p>24.08.2016, czyli Kolejna ods\u0142ona bezpiecznych wakacji na karli\u0144skiej pla\u017cy. Tym razem &#8220;ma\u0142e co nieco&#8221; dla m\u0142odzie\u017cy. Zapraszamy.<\/p>\n","category_list_v2":"Bez kategorii","author_info_v2":{"name":"","url":"https:\/\/sport.karlino.pl\/author\/"},"comments_num_v2":"0 comments","_links":{"self":[{"href":"https:\/\/sport.karlino.pl\/index.php\/wp-json\/wp\/v2\/posts\/2529","targetHints":{"allow":["GET"]}}],"collection":[{"href":"https:\/\/sport.karlino.pl\/index.php\/wp-json\/wp\/v2\/posts"}],"about":[{"href":"https:\/\/sport.karlino.pl\/index.php\/wp-json\/wp\/v2\/types\/post"}],"author":[{"embeddable":true,"href":"https:\/\/sport.karlino.pl\/index.php\/wp-json\/wp\/v2\/users\/8"}],"replies":[{"embeddable":true,"href":"https:\/\/sport.karlino.pl\/index.php\/wp-json\/wp\/v2\/comments?post=2529"}],"version-history":[{"count":0,"href":"https:\/\/sport.karlino.pl\/index.php\/wp-json\/wp\/v2\/posts\/2529\/revisions"}],"wp:attachment":[{"href":"https:\/\/sport.karlino.pl\/index.php\/wp-json\/wp\/v2\/media?parent=2529"}],"wp:term":[{"taxonomy":"category","embeddable":true,"href":"https:\/\/sport.karlino.pl\/index.php\/wp-json\/wp\/v2\/categories?post=2529"},{"taxonomy":"post_tag","embeddable":true,"href":"https:\/\/sport.karlino.pl\/index.php\/wp-json\/wp\/v2\/tags?post=2529"}],"curies":[{"name":"wp","href":"https:\/\/api.w.org\/{rel}","templated":true}]}}