{"id":2977,"date":"2016-10-14T09:12:21","date_gmt":"2016-10-14T07:12:21","guid":{"rendered":"http:\/\/www.sport.karlino.pl\/?p=2977"},"modified":"2016-10-19T09:15:04","modified_gmt":"2016-10-19T07:15:04","slug":"selfie-z-mistrzem","status":"publish","type":"post","link":"https:\/\/sport.karlino.pl\/index.php\/2016\/10\/14\/selfie-z-mistrzem\/","title":{"rendered":"Selfie z Mistrzem!!!"},"content":{"rendered":"<p>W Szkole Podstawowej w Kar\u015bcinie odby\u0142o si\u0119 spotkanie z wybitnymi zawodnikami maj\u0105ce na celu promocje zapas\u00f3w w gminie Karlino pod nazw\u0105 \u201eSelfie z Mistrzem\u201d w t<span class=\"text_exposed_show\">erenach wiejskich pod patronatem Polskiego Zwi\u0105zku Zapa\u015bniczego.<br \/>\nDwaj mistrzowie Kamil Skaskiewicz (wicemistrz Europy 2013 r., mistrz Polski senior\u00f3w 2016 r. w kat. 97\/125kg) oraz Patryk Dublinowski (trzeci zawodnik Akademickich Mistrzostw \u015awiata 2014 r., wicemistrz Polski 2016 r. w kat. 86kg) pod has\u0142em \u201eSelfie z Mistrzem\u201d brali udzia\u0142 w kar\u015bci\u0144skim spotkaniu.<br \/>\nDyrektor Szko\u0142y Podstawowej w Kar\u015bcinie, Pan Andrzej Maciejewski przedstawi\u0142 zaproszonych go\u015bci, podzi\u0119kowa\u0142 za przybycie i zach\u0119ci\u0142 dzieci do trenowania zapas\u00f3w. Nast\u0119pnie nasi mistrzowie przybli\u017cyli wszystkim prezentowan\u0105 dyscyplin\u0119 &#8211; ile potrzeba zaanga\u017cowania i po\u015bwi\u0119cenia, aby osi\u0105gn\u0105\u0107 odpowiedni poziom sportowy.<br \/>\nPo ca\u0142ym przedstawieniu akrobatyczno-zapa\u015bniczym w wykonaniu Natalii Walczak, Oliwii D\u0105browskiej, Marii Szkudlarek oraz Astorii Bublas, grupa przenios\u0142a si\u0119 na boisko szkolne, na kt\u00f3rym zrobi\u0142a sobie pami\u0105tkowe zdj\u0119cie.<\/span><\/p>\n<p><img decoding=\"async\" src=\"https:\/\/scontent.fwaw3-1.fna.fbcdn.net\/t31.0-8\/14691446_849850025152358_7698465109273141035_o.jpg\" alt=\"\" \/><\/p>\n<p><img decoding=\"async\" src=\"https:\/\/scontent.fwaw3-1.fna.fbcdn.net\/t31.0-8\/14681102_849850145152346_9201660185016852333_o.jpg\" alt=\"\" \/><\/p>\n<p><img decoding=\"async\" src=\"https:\/\/scontent.fwaw3-1.fna.fbcdn.net\/t31.0-8\/14706757_849849971819030_3604145072230866003_o.jpg\" alt=\"\" \/><\/p>\n","protected":false},"excerpt":{"rendered":"<p>W Szkole Podstawowej w Kar\u015bcinie odby\u0142o si\u0119 spotkanie z wybitnymi zawodnikami maj\u0105ce na celu promocje zapas\u00f3w w gminie Karlino pod nazw\u0105 \u201eSelfie z Mistrzem\u201d w terenach wiejskich pod patronatem Polskiego [&hellip;]<\/p>\n","protected":false},"author":8,"featured_media":0,"comment_status":"closed","ping_status":"closed","sticky":false,"template":"","format":"standard","meta":{"footnotes":""},"categories":[],"tags":[],"class_list":["post-2977","post","type-post","status-publish","format-standard","hentry"],"blocksy_meta":{"styles_descriptor":{"styles":{"desktop":"","tablet":"","mobile":""},"google_fonts":[],"version":6}},"featured_image_urls_v2":{"full":"","thumbnail":"","medium":"","medium_large":"","large":"","1536x1536":"","2048x2048":""},"post_excerpt_stackable_v2":"<p>W Szkole Podstawowej w Kar\u015bcinie odby\u0142o si\u0119 spotkanie z wybitnymi zawodnikami maj\u0105ce na celu promocje zapas\u00f3w w gminie Karlino pod nazw\u0105 \u201eSelfie z Mistrzem\u201d w terenach wiejskich pod patronatem Polskiego Zwi\u0105zku Zapa\u015bniczego. Dwaj mistrzowie Kamil Skaskiewicz (wicemistrz Europy 2013 r., mistrz Polski senior\u00f3w 2016 r. w kat. 97\/125kg) oraz Patryk Dublinowski (trzeci zawodnik Akademickich Mistrzostw \u015awiata 2014 r., wicemistrz Polski 2016 r. w kat. 86kg) pod has\u0142em \u201eSelfie z Mistrzem\u201d brali udzia\u0142 w kar\u015bci\u0144skim spotkaniu. Dyrektor Szko\u0142y Podstawowej w Kar\u015bcinie, Pan Andrzej Maciejewski przedstawi\u0142 zaproszonych go\u015bci, podzi\u0119kowa\u0142 za przybycie i zach\u0119ci\u0142 dzieci do trenowania zapas\u00f3w. Nast\u0119pnie nasi mistrzowie przybli\u017cyli wszystkim&hellip;<\/p>\n","category_list_v2":"Bez kategorii","author_info_v2":{"name":"","url":"https:\/\/sport.karlino.pl\/author\/"},"comments_num_v2":"0 comments","_links":{"self":[{"href":"https:\/\/sport.karlino.pl\/index.php\/wp-json\/wp\/v2\/posts\/2977","targetHints":{"allow":["GET"]}}],"collection":[{"href":"https:\/\/sport.karlino.pl\/index.php\/wp-json\/wp\/v2\/posts"}],"about":[{"href":"https:\/\/sport.karlino.pl\/index.php\/wp-json\/wp\/v2\/types\/post"}],"author":[{"embeddable":true,"href":"https:\/\/sport.karlino.pl\/index.php\/wp-json\/wp\/v2\/users\/8"}],"replies":[{"embeddable":true,"href":"https:\/\/sport.karlino.pl\/index.php\/wp-json\/wp\/v2\/comments?post=2977"}],"version-history":[{"count":0,"href":"https:\/\/sport.karlino.pl\/index.php\/wp-json\/wp\/v2\/posts\/2977\/revisions"}],"wp:attachment":[{"href":"https:\/\/sport.karlino.pl\/index.php\/wp-json\/wp\/v2\/media?parent=2977"}],"wp:term":[{"taxonomy":"category","embeddable":true,"href":"https:\/\/sport.karlino.pl\/index.php\/wp-json\/wp\/v2\/categories?post=2977"},{"taxonomy":"post_tag","embeddable":true,"href":"https:\/\/sport.karlino.pl\/index.php\/wp-json\/wp\/v2\/tags?post=2977"}],"curies":[{"name":"wp","href":"https:\/\/api.w.org\/{rel}","templated":true}]}}