{"id":3039,"date":"2016-10-21T07:07:22","date_gmt":"2016-10-21T05:07:22","guid":{"rendered":"http:\/\/www.sport.karlino.pl\/?p=3039"},"modified":"2016-10-24T07:10:20","modified_gmt":"2016-10-24T05:10:20","slug":"nowy-stary-woz-trafil-do-karlinskiego-osp","status":"publish","type":"post","link":"https:\/\/sport.karlino.pl\/index.php\/2016\/10\/21\/nowy-stary-woz-trafil-do-karlinskiego-osp\/","title":{"rendered":"Nowy &#8211; Stary W\u00f3z trafi\u0142 do karli\u0144skiego OSP"},"content":{"rendered":"<p>21.10.2016 na dziedzi\u0144cu OSP w Karlinie odby\u0142o si\u0119 uroczyste przekazanie zabytkowego wozu stra\u017cackiego Magirus-Deutz 750D10 z 1966r., kt\u00f3ry \u201epe\u0142ni\u0142 s\u0142u\u017cb\u0119 w niemieckim zak\u0142adzie firmy HOMANIT w Losheim.<\/p>\n<p>wi\u0119cej informacji na stronie:<a href=\"http:\/\/www.karlino.pl\/aktualnosc-7069-nowy_stary_woz_trafil_do_karlinskiego.html\" target=\"_blank\" rel=\"noopener\">http:\/\/www.karlino.pl\/aktualnosc-7069-nowy_stary_woz_trafil_do_karlinskiego.html<\/a><\/p>\n<p><img fetchpriority=\"high\" decoding=\"async\" src=\"http:\/\/www.karlino.pl\/portal_2013\/karlino\/web\/uploads\/pub\/news\/news_7069\/text\/1%20(2).jpg\" alt=\"\" width=\"350\" height=\"197\" \/><img decoding=\"async\" src=\"http:\/\/www.karlino.pl\/portal_2013\/karlino\/web\/uploads\/pub\/news\/news_7069\/text\/12%20w%C3%B3z.jpg\" alt=\"\" \/><\/p>\n<p><img decoding=\"async\" src=\"http:\/\/www.karlino.pl\/portal_2013\/karlino\/web\/uploads\/pub\/news\/news_7069\/text\/12%20w%C3%B3z%202.jpg\" alt=\"\" \/><img decoding=\"async\" src=\"http:\/\/www.karlino.pl\/portal_2013\/karlino\/web\/uploads\/pub\/news\/news_7069\/text\/1.jpg\" alt=\"\" \/><\/p>\n","protected":false},"excerpt":{"rendered":"<p>21.10.2016 na dziedzi\u0144cu OSP w Karlinie odby\u0142o si\u0119 uroczyste przekazanie zabytkowego wozu stra\u017cackiego Magirus-Deutz 750D10 z 1966r., kt\u00f3ry \u201epe\u0142ni\u0142 s\u0142u\u017cb\u0119 w niemieckim zak\u0142adzie firmy HOMANIT w Losheim. wi\u0119cej informacji na [&hellip;]<\/p>\n","protected":false},"author":8,"featured_media":0,"comment_status":"closed","ping_status":"closed","sticky":false,"template":"","format":"standard","meta":{"footnotes":""},"categories":[],"tags":[],"class_list":["post-3039","post","type-post","status-publish","format-standard","hentry"],"blocksy_meta":{"styles_descriptor":{"styles":{"desktop":"","tablet":"","mobile":""},"google_fonts":[],"version":6}},"featured_image_urls_v2":{"full":"","thumbnail":"","medium":"","medium_large":"","large":"","1536x1536":"","2048x2048":""},"post_excerpt_stackable_v2":"<p>21.10.2016 na dziedzi\u0144cu OSP w Karlinie odby\u0142o si\u0119 uroczyste przekazanie zabytkowego wozu stra\u017cackiego Magirus-Deutz 750D10 z 1966r., kt\u00f3ry \u201epe\u0142ni\u0142 s\u0142u\u017cb\u0119 w niemieckim zak\u0142adzie firmy HOMANIT w Losheim. wi\u0119cej informacji na stronie:http:\/\/www.karlino.pl\/aktualnosc-7069-nowy_stary_woz_trafil_do_karlinskiego.html<\/p>\n","category_list_v2":"Bez kategorii","author_info_v2":{"name":"","url":"https:\/\/sport.karlino.pl\/author\/"},"comments_num_v2":"0 comments","_links":{"self":[{"href":"https:\/\/sport.karlino.pl\/index.php\/wp-json\/wp\/v2\/posts\/3039","targetHints":{"allow":["GET"]}}],"collection":[{"href":"https:\/\/sport.karlino.pl\/index.php\/wp-json\/wp\/v2\/posts"}],"about":[{"href":"https:\/\/sport.karlino.pl\/index.php\/wp-json\/wp\/v2\/types\/post"}],"author":[{"embeddable":true,"href":"https:\/\/sport.karlino.pl\/index.php\/wp-json\/wp\/v2\/users\/8"}],"replies":[{"embeddable":true,"href":"https:\/\/sport.karlino.pl\/index.php\/wp-json\/wp\/v2\/comments?post=3039"}],"version-history":[{"count":0,"href":"https:\/\/sport.karlino.pl\/index.php\/wp-json\/wp\/v2\/posts\/3039\/revisions"}],"wp:attachment":[{"href":"https:\/\/sport.karlino.pl\/index.php\/wp-json\/wp\/v2\/media?parent=3039"}],"wp:term":[{"taxonomy":"category","embeddable":true,"href":"https:\/\/sport.karlino.pl\/index.php\/wp-json\/wp\/v2\/categories?post=3039"},{"taxonomy":"post_tag","embeddable":true,"href":"https:\/\/sport.karlino.pl\/index.php\/wp-json\/wp\/v2\/tags?post=3039"}],"curies":[{"name":"wp","href":"https:\/\/api.w.org\/{rel}","templated":true}]}}