{"id":3085,"date":"2016-10-28T11:08:15","date_gmt":"2016-10-28T09:08:15","guid":{"rendered":"http:\/\/www.sport.karlino.pl\/?p=3085"},"modified":"2016-10-28T11:08:15","modified_gmt":"2016-10-28T09:08:15","slug":"podpisanie-umowy-na-zarybianie-parsety","status":"publish","type":"post","link":"https:\/\/sport.karlino.pl\/index.php\/2016\/10\/28\/podpisanie-umowy-na-zarybianie-parsety\/","title":{"rendered":"Podpisanie umowy na zarybianie Pars\u0119ty"},"content":{"rendered":"<p>W dniu 25 pa\u017adziernika, nad potokiem Ponik, mia\u0142o miejsce podpisanie umowy pomi\u0119dzy Wojew\u00f3dzkim Funduszem Ochrony \u015arodowiska i Gospodarki Wodnej w Szczecinie a Zwi\u0105zkiem Miast i Gmin Dorzecza Pars\u0119ty, aktualnym u\u017cytkownikiem rybackim Kr\u00f3lowej, w ramach projektu \u201eOchrona ichtiofauny gin\u0105cej i zagro\u017conej wygini\u0119ciem w dorzeczu rzeki Pars\u0119ty&#8221;.<\/p>\n<p><img decoding=\"async\" src=\"http:\/\/www.karlino.pl\/portal_2013\/karlino\/web\/uploads\/pub\/news\/news_7089\/text\/1.jpg\" alt=\"\" \/><img decoding=\"async\" src=\"http:\/\/www.karlino.pl\/portal_2013\/karlino\/web\/uploads\/pub\/news\/news_7089\/text\/11.jpg\" alt=\"\" \/><img decoding=\"async\" src=\"http:\/\/www.karlino.pl\/portal_2013\/karlino\/web\/uploads\/pub\/news\/news_7089\/text\/3.jpg\" alt=\"\" \/><img decoding=\"async\" src=\"http:\/\/www.karlino.pl\/portal_2013\/karlino\/web\/uploads\/pub\/news\/news_7089\/text\/2.jpg\" alt=\"\" \/><img decoding=\"async\" src=\"http:\/\/www.karlino.pl\/portal_2013\/karlino\/web\/uploads\/pub\/news\/news_7089\/text\/11.jpg\" alt=\"\" \/><img decoding=\"async\" src=\"http:\/\/www.karlino.pl\/portal_2013\/karlino\/web\/uploads\/pub\/news\/news_7089\/text\/12.jpg\" alt=\"\" \/><\/p>\n","protected":false},"excerpt":{"rendered":"<p>W dniu 25 pa\u017adziernika, nad potokiem Ponik, mia\u0142o miejsce podpisanie umowy pomi\u0119dzy Wojew\u00f3dzkim Funduszem Ochrony \u015arodowiska i Gospodarki Wodnej w Szczecinie a Zwi\u0105zkiem Miast i Gmin Dorzecza Pars\u0119ty, aktualnym u\u017cytkownikiem [&hellip;]<\/p>\n","protected":false},"author":8,"featured_media":0,"comment_status":"closed","ping_status":"closed","sticky":false,"template":"","format":"standard","meta":{"footnotes":""},"categories":[],"tags":[],"class_list":["post-3085","post","type-post","status-publish","format-standard","hentry"],"blocksy_meta":{"styles_descriptor":{"styles":{"desktop":"","tablet":"","mobile":""},"google_fonts":[],"version":6}},"featured_image_urls_v2":{"full":"","thumbnail":"","medium":"","medium_large":"","large":"","1536x1536":"","2048x2048":""},"post_excerpt_stackable_v2":"<p>W dniu 25 pa\u017adziernika, nad potokiem Ponik, mia\u0142o miejsce podpisanie umowy pomi\u0119dzy Wojew\u00f3dzkim Funduszem Ochrony \u015arodowiska i Gospodarki Wodnej w Szczecinie a Zwi\u0105zkiem Miast i Gmin Dorzecza Pars\u0119ty, aktualnym u\u017cytkownikiem rybackim Kr\u00f3lowej, w ramach projektu \u201eOchrona ichtiofauny gin\u0105cej i zagro\u017conej wygini\u0119ciem w dorzeczu rzeki Pars\u0119ty&#8221;.<\/p>\n","category_list_v2":"Bez kategorii","author_info_v2":{"name":"","url":"https:\/\/sport.karlino.pl\/author\/"},"comments_num_v2":"0 comments","_links":{"self":[{"href":"https:\/\/sport.karlino.pl\/index.php\/wp-json\/wp\/v2\/posts\/3085","targetHints":{"allow":["GET"]}}],"collection":[{"href":"https:\/\/sport.karlino.pl\/index.php\/wp-json\/wp\/v2\/posts"}],"about":[{"href":"https:\/\/sport.karlino.pl\/index.php\/wp-json\/wp\/v2\/types\/post"}],"author":[{"embeddable":true,"href":"https:\/\/sport.karlino.pl\/index.php\/wp-json\/wp\/v2\/users\/8"}],"replies":[{"embeddable":true,"href":"https:\/\/sport.karlino.pl\/index.php\/wp-json\/wp\/v2\/comments?post=3085"}],"version-history":[{"count":0,"href":"https:\/\/sport.karlino.pl\/index.php\/wp-json\/wp\/v2\/posts\/3085\/revisions"}],"wp:attachment":[{"href":"https:\/\/sport.karlino.pl\/index.php\/wp-json\/wp\/v2\/media?parent=3085"}],"wp:term":[{"taxonomy":"category","embeddable":true,"href":"https:\/\/sport.karlino.pl\/index.php\/wp-json\/wp\/v2\/categories?post=3085"},{"taxonomy":"post_tag","embeddable":true,"href":"https:\/\/sport.karlino.pl\/index.php\/wp-json\/wp\/v2\/tags?post=3085"}],"curies":[{"name":"wp","href":"https:\/\/api.w.org\/{rel}","templated":true}]}}