{"id":3685,"date":"2016-12-21T14:30:23","date_gmt":"2016-12-21T13:30:23","guid":{"rendered":"http:\/\/www.sport.karlino.pl\/?p=3685"},"modified":"2016-12-21T14:30:23","modified_gmt":"2016-12-21T13:30:23","slug":"orliki-opanowaly-homanit-arene","status":"publish","type":"post","link":"https:\/\/sport.karlino.pl\/index.php\/2016\/12\/21\/orliki-opanowaly-homanit-arene\/","title":{"rendered":"ORLIKI OPANOWA\u0141Y HOMANIT AREN\u0118"},"content":{"rendered":"<p>W niedzielne przedop\u0142udnie 7 dru\u017cyn orlik\u00f3w z grupy Bia\u0142ogardzkiej wybieg\u0142o na parkiet Homanit Areny i rozpocz\u0119\u0142o gr\u0119.<br \/>\nBy\u0142y emocje, by\u0142y sportowe zagrania, by\u0142a gra, taktyka, strategia i doping w duchu fair play!<br \/>\nNajwa\u017cniejsze, aby od najm\u0142odszych lat pom\u00f3c naszym dzieciom rozwija\u0107 sportowe pasje, w\u00f3wczas mo\u017cemy by\u0107 \u015bwiadkiem, jak wielki potencja\u0142 i mi\u0142o\u015b\u0107 do pi\u0142ki no\u017cnej drzemie w naszych dzieciach oraz duma w nas &#8211; rodzicach.<\/p>\n<div class=\"text_exposed_show\">\n<p>Ostatecznie gospodarze turnieju &#8211; Orliki MKSu Soko\u0142a Karlino zostali zwyci\u0119zcami!!!<\/p>\n<p><img decoding=\"async\" src=\"https:\/\/scontent-waw1-1.xx.fbcdn.net\/v\/t31.0-8\/15440458_1245898978840873_694155622929426452_o.jpg?oh=ab3bd09d18ee844aaea1e7211f07fc05&amp;oe=58E24B80\" alt=\"Zdj\u0119cie u\u017cytkownika Regionalne Centrum Turystyki i Sportu w Karlinie.\" \/><img decoding=\"async\" src=\"https:\/\/scontent-waw1-1.xx.fbcdn.net\/v\/t31.0-8\/15443247_1245900325507405_2662639992323881285_o.jpg?oh=fa5fafe7671ce3cdaef8f7d8c15cb926&amp;oe=58B157F8\" alt=\"Zdj\u0119cie u\u017cytkownika Regionalne Centrum Turystyki i Sportu w Karlinie.\" \/><img decoding=\"async\" src=\"https:\/\/scontent-waw1-1.xx.fbcdn.net\/v\/t31.0-8\/15591494_1245900322174072_4698311101996089474_o.jpg?oh=3c8daf893421c689cc43038317aec493&amp;oe=58ED67B0\" alt=\"Zdj\u0119cie u\u017cytkownika Regionalne Centrum Turystyki i Sportu w Karlinie.\" \/><img decoding=\"async\" src=\"https:\/\/scontent-waw1-1.xx.fbcdn.net\/v\/t31.0-8\/15493683_1245900075507430_8713229560088261055_o.jpg?oh=172783d44894236ddaa60f50e0d359de&amp;oe=58F22163\" alt=\"Zdj\u0119cie u\u017cytkownika Regionalne Centrum Turystyki i Sportu w Karlinie.\" \/><img decoding=\"async\" src=\"https:\/\/scontent-waw1-1.xx.fbcdn.net\/v\/t31.0-8\/15585288_1245900095507428_8455243473738648900_o.jpg?oh=0a00768385111c6a3b2a1978ffd68494&amp;oe=58B1704A\" alt=\"Zdj\u0119cie u\u017cytkownika Regionalne Centrum Turystyki i Sportu w Karlinie.\" \/><img decoding=\"async\" src=\"https:\/\/scontent-waw1-1.xx.fbcdn.net\/v\/t31.0-8\/15626396_1245899918840779_5446391665509830039_o.jpg?oh=74eec5e35f1236de8b9188f68d67873e&amp;oe=58E58FB9\" alt=\"Zdj\u0119cie u\u017cytkownika Regionalne Centrum Turystyki i Sportu w Karlinie.\" \/><img decoding=\"async\" src=\"https:\/\/scontent-waw1-1.xx.fbcdn.net\/v\/t31.0-8\/15540805_1245899912174113_355647546806937527_o.jpg?oh=9fd1f72df8bb5191af630b77829bbc8d&amp;oe=58DCEF3C\" alt=\"Zdj\u0119cie u\u017cytkownika Regionalne Centrum Turystyki i Sportu w Karlinie.\" \/><img decoding=\"async\" src=\"https:\/\/scontent-waw1-1.xx.fbcdn.net\/v\/t31.0-8\/15585466_1245899612174143_6588709043389943838_o.jpg?oh=07af9a3aa7033d6c2ff94dc8cb423a0e&amp;oe=58F2C432\" alt=\"Zdj\u0119cie u\u017cytkownika Regionalne Centrum Turystyki i Sportu w Karlinie.\" \/><img decoding=\"async\" src=\"https:\/\/scontent-waw1-1.xx.fbcdn.net\/v\/t31.0-8\/15626403_1245899602174144_4583736724237713659_o.jpg?oh=1e818b8f5422778a866a43145652144f&amp;oe=58B221C8\" alt=\"Zdj\u0119cie u\u017cytkownika Regionalne Centrum Turystyki i Sportu w Karlinie.\" \/><img decoding=\"async\" src=\"https:\/\/scontent-waw1-1.xx.fbcdn.net\/v\/t31.0-8\/15591240_1245899605507477_9213496630873814999_o.jpg?oh=128fdd7fc5079773c604585d92872c80&amp;oe=58F54A82\" alt=\"Zdj\u0119cie u\u017cytkownika Regionalne Centrum Turystyki i Sportu w Karlinie.\" \/><img decoding=\"async\" src=\"https:\/\/scontent-waw1-1.xx.fbcdn.net\/v\/t31.0-8\/15577905_1245898968840874_8248440672789698166_o.jpg?oh=5990943594ac41f0edbff51171244af1&amp;oe=58FC11FD\" alt=\"Zdj\u0119cie u\u017cytkownika Regionalne Centrum Turystyki i Sportu w Karlinie.\" \/><\/p>\n<\/div>\n","protected":false},"excerpt":{"rendered":"<p>W niedzielne przedop\u0142udnie 7 dru\u017cyn orlik\u00f3w z grupy Bia\u0142ogardzkiej wybieg\u0142o na parkiet Homanit Areny i rozpocz\u0119\u0142o gr\u0119. By\u0142y emocje, by\u0142y sportowe zagrania, by\u0142a gra, taktyka, strategia i doping w duchu [&hellip;]<\/p>\n","protected":false},"author":8,"featured_media":0,"comment_status":"closed","ping_status":"closed","sticky":false,"template":"","format":"standard","meta":{"footnotes":""},"categories":[],"tags":[],"class_list":["post-3685","post","type-post","status-publish","format-standard","hentry"],"blocksy_meta":{"styles_descriptor":{"styles":{"desktop":"","tablet":"","mobile":""},"google_fonts":[],"version":6}},"featured_image_urls_v2":{"full":"","thumbnail":"","medium":"","medium_large":"","large":"","1536x1536":"","2048x2048":""},"post_excerpt_stackable_v2":"<p>W niedzielne przedop\u0142udnie 7 dru\u017cyn orlik\u00f3w z grupy Bia\u0142ogardzkiej wybieg\u0142o na parkiet Homanit Areny i rozpocz\u0119\u0142o gr\u0119. By\u0142y emocje, by\u0142y sportowe zagrania, by\u0142a gra, taktyka, strategia i doping w duchu fair play! Najwa\u017cniejsze, aby od najm\u0142odszych lat pom\u00f3c naszym dzieciom rozwija\u0107 sportowe pasje, w\u00f3wczas mo\u017cemy by\u0107 \u015bwiadkiem, jak wielki potencja\u0142 i mi\u0142o\u015b\u0107 do pi\u0142ki no\u017cnej drzemie w naszych dzieciach oraz duma w nas &#8211; rodzicach. Ostatecznie gospodarze turnieju &#8211; Orliki MKSu Soko\u0142a Karlino zostali zwyci\u0119zcami!!!<\/p>\n","category_list_v2":"Bez kategorii","author_info_v2":{"name":"","url":"https:\/\/sport.karlino.pl\/author\/"},"comments_num_v2":"0 comments","_links":{"self":[{"href":"https:\/\/sport.karlino.pl\/index.php\/wp-json\/wp\/v2\/posts\/3685","targetHints":{"allow":["GET"]}}],"collection":[{"href":"https:\/\/sport.karlino.pl\/index.php\/wp-json\/wp\/v2\/posts"}],"about":[{"href":"https:\/\/sport.karlino.pl\/index.php\/wp-json\/wp\/v2\/types\/post"}],"author":[{"embeddable":true,"href":"https:\/\/sport.karlino.pl\/index.php\/wp-json\/wp\/v2\/users\/8"}],"replies":[{"embeddable":true,"href":"https:\/\/sport.karlino.pl\/index.php\/wp-json\/wp\/v2\/comments?post=3685"}],"version-history":[{"count":0,"href":"https:\/\/sport.karlino.pl\/index.php\/wp-json\/wp\/v2\/posts\/3685\/revisions"}],"wp:attachment":[{"href":"https:\/\/sport.karlino.pl\/index.php\/wp-json\/wp\/v2\/media?parent=3685"}],"wp:term":[{"taxonomy":"category","embeddable":true,"href":"https:\/\/sport.karlino.pl\/index.php\/wp-json\/wp\/v2\/categories?post=3685"},{"taxonomy":"post_tag","embeddable":true,"href":"https:\/\/sport.karlino.pl\/index.php\/wp-json\/wp\/v2\/tags?post=3685"}],"curies":[{"name":"wp","href":"https:\/\/api.w.org\/{rel}","templated":true}]}}