{"id":3703,"date":"2016-12-23T14:31:58","date_gmt":"2016-12-23T13:31:58","guid":{"rendered":"http:\/\/www.sport.karlino.pl\/?p=3703"},"modified":"2016-12-23T14:31:58","modified_gmt":"2016-12-23T13:31:58","slug":"przedszkole-miejskie-im-kubusia-puchatka-w-karlinie-oraz-zlobek-miejski-2","status":"publish","type":"post","link":"https:\/\/sport.karlino.pl\/index.php\/2016\/12\/23\/przedszkole-miejskie-im-kubusia-puchatka-w-karlinie-oraz-zlobek-miejski-2\/","title":{"rendered":"Przedszkole Miejskie im. Kubusia Puchatka w Karlinie oraz \u017b\u0142obek Miejski."},"content":{"rendered":"<p><img decoding=\"async\" src=\"https:\/\/scontent-waw1-1.xx.fbcdn.net\/v\/t31.0-8\/s960x960\/15626511_1221523231230836_5782461155670490902_o.jpg?oh=c39d6482ceca1c0e72dba1a5a900fbf0&amp;oe=58D9FDD6\" alt=\"Zdj\u0119cie u\u017cytkownika Przedszkole Miejskie im. Kubusia Puchatka w Karlinie oraz \u017b\u0142obek Miejski.\" \/><img decoding=\"async\" src=\"https:\/\/scontent-waw1-1.xx.fbcdn.net\/v\/t31.0-8\/s960x960\/15675927_1221519971231162_7727238072345526180_o.jpg?oh=956f6a83a810ed1824da35060add6715&amp;oe=58F01EF6\" alt=\"Zdj\u0119cie u\u017cytkownika Przedszkole Miejskie im. Kubusia Puchatka w Karlinie oraz \u017b\u0142obek Miejski.\" \/><img decoding=\"async\" src=\"https:\/\/scontent-waw1-1.xx.fbcdn.net\/v\/t31.0-8\/s960x960\/15675781_1221523007897525_8940856579069766744_o.jpg?oh=5b25a9525e1dbe4c59a14d67f4445248&amp;oe=58AE55F0\" alt=\"Zdj\u0119cie u\u017cytkownika Przedszkole Miejskie im. Kubusia Puchatka w Karlinie oraz \u017b\u0142obek Miejski.\" \/><img decoding=\"async\" src=\"https:\/\/scontent-waw1-1.xx.fbcdn.net\/v\/t31.0-8\/s960x960\/15625798_1221523017897524_4421408484511613839_o.jpg?oh=f283dae29c94f83319b9169503c6d7d9&amp;oe=58ED8ACB\" alt=\"Zdj\u0119cie u\u017cytkownika Przedszkole Miejskie im. Kubusia Puchatka w Karlinie oraz \u017b\u0142obek Miejski.\" \/><img decoding=\"async\" src=\"https:\/\/scontent-waw1-1.xx.fbcdn.net\/v\/t31.0-8\/s960x960\/15625976_1221523581230801_2055075381840930669_o.jpg?oh=739e4f070372d2f191d6998d53988b24&amp;oe=58FAF344\" alt=\"Zdj\u0119cie u\u017cytkownika Przedszkole Miejskie im. Kubusia Puchatka w Karlinie oraz \u017b\u0142obek Miejski.\" \/><img decoding=\"async\" src=\"https:\/\/scontent-waw1-1.xx.fbcdn.net\/v\/t31.0-8\/s960x960\/15676252_1221523551230804_4890865154954344645_o.jpg?oh=94a6578d19cd47d395c35142209815f2&amp;oe=58DDD5E1\" alt=\"Zdj\u0119cie u\u017cytkownika Przedszkole Miejskie im. Kubusia Puchatka w Karlinie oraz \u017b\u0142obek Miejski.\" \/><img decoding=\"async\" src=\"https:\/\/scontent-waw1-1.xx.fbcdn.net\/v\/t31.0-8\/s960x960\/15676129_1221524447897381_9073646901282881834_o.jpg?oh=bc2a661117ffca91e9f5f8c76d335234&amp;oe=58E0E720\" alt=\"Zdj\u0119cie u\u017cytkownika Przedszkole Miejskie im. Kubusia Puchatka w Karlinie oraz \u017b\u0142obek Miejski.\" \/><img decoding=\"async\" src=\"https:\/\/scontent-waw1-1.xx.fbcdn.net\/v\/t31.0-8\/s960x960\/15590833_1221523697897456_7662967116100954574_o.jpg?oh=b965c0136f988445a87d2d5100a4b4f2&amp;oe=58DF5A7F\" alt=\"Zdj\u0119cie u\u017cytkownika Przedszkole Miejskie im. Kubusia Puchatka w Karlinie oraz \u017b\u0142obek Miejski.\" \/><img decoding=\"async\" src=\"https:\/\/scontent-waw1-1.xx.fbcdn.net\/v\/t31.0-8\/s960x960\/15591318_1221525154563977_2052032487129192784_o.jpg?oh=6a6b8956fa75bfa7550abd954e7a61fb&amp;oe=58F59EE8\" alt=\"Zdj\u0119cie u\u017cytkownika Przedszkole Miejskie im. Kubusia Puchatka w Karlinie oraz \u017b\u0142obek Miejski.\" \/><img decoding=\"async\" src=\"https:\/\/scontent-waw1-1.xx.fbcdn.net\/v\/t31.0-8\/s960x960\/15626452_1221524247897401_3186513556669772510_o.jpg?oh=b0dfac4a9bc29239d840400d713cd481&amp;oe=58F90558\" alt=\"Zdj\u0119cie u\u017cytkownika Przedszkole Miejskie im. Kubusia Puchatka w Karlinie oraz \u017b\u0142obek Miejski.\" \/><img decoding=\"async\" src=\"https:\/\/scontent-waw1-1.xx.fbcdn.net\/v\/t31.0-8\/s960x960\/15591485_1221524604564032_6223503011784929720_o.jpg?oh=4637e8af8d3838fd01228675c17b2949&amp;oe=58E4249D\" alt=\"Zdj\u0119cie u\u017cytkownika Przedszkole Miejskie im. Kubusia Puchatka w Karlinie oraz \u017b\u0142obek Miejski.\" \/><img decoding=\"async\" src=\"https:\/\/scontent-waw1-1.xx.fbcdn.net\/v\/t31.0-8\/s960x960\/15591493_1221524011230758_5098763309648591113_o.jpg?oh=1922326ba287d1d03273e68d8db3c6a6&amp;oe=58DC6006\" alt=\"Zdj\u0119cie u\u017cytkownika Przedszkole Miejskie im. Kubusia Puchatka w Karlinie oraz \u017b\u0142obek Miejski.\" \/><img decoding=\"async\" src=\"https:\/\/scontent-waw1-1.xx.fbcdn.net\/v\/l\/t31.0-8\/s960x960\/15626269_1221524071230752_1407546704325938133_o.jpg?oh=ed6a04f77b65eae94fded5d5021ce6b5&amp;oe=58FC74E9\" alt=\"Zdj\u0119cie u\u017cytkownika Przedszkole Miejskie im. Kubusia Puchatka w Karlinie oraz \u017b\u0142obek Miejski.\" \/><img decoding=\"async\" src=\"https:\/\/scontent-waw1-1.xx.fbcdn.net\/v\/t31.0-8\/s960x960\/15590832_1221523004564192_1601761212012455102_o.jpg?oh=ca521a0b3c11bb16fe2c9946497eaf61&amp;oe=58E28913\" alt=\"Zdj\u0119cie u\u017cytkownika Przedszkole Miejskie im. Kubusia Puchatka w Karlinie oraz \u017b\u0142obek Miejski.\" \/><img decoding=\"async\" src=\"https:\/\/scontent-waw1-1.xx.fbcdn.net\/v\/t31.0-8\/s960x960\/15676069_1221523904564102_4717648411972922816_o.jpg?oh=001f0e536d47481bd38034c1d6a32058&amp;oe=58D9175E\" alt=\"Zdj\u0119cie u\u017cytkownika Przedszkole Miejskie im. Kubusia Puchatka w Karlinie oraz \u017b\u0142obek Miejski.\" \/><img decoding=\"async\" src=\"https:\/\/scontent-waw1-1.xx.fbcdn.net\/v\/t31.0-8\/s960x960\/15676493_1221524194564073_4495383812859948749_o.jpg?oh=145a7435ec942626b5c67f9e812dcb20&amp;oe=58F69B3E\" alt=\"Zdj\u0119cie u\u017cytkownika Przedszkole Miejskie im. Kubusia Puchatka w Karlinie oraz \u017b\u0142obek Miejski.\" \/><img decoding=\"async\" src=\"https:\/\/scontent-waw1-1.xx.fbcdn.net\/v\/t31.0-8\/s960x960\/15676516_1221524257897400_7686614892248221108_o.jpg?oh=099088de97de354b641e850510e51c34&amp;oe=58E4919D\" alt=\"Zdj\u0119cie u\u017cytkownika Przedszkole Miejskie im. Kubusia Puchatka w Karlinie oraz \u017b\u0142obek Miejski.\" \/><img decoding=\"async\" src=\"https:\/\/scontent-waw1-1.xx.fbcdn.net\/v\/t31.0-8\/s960x960\/15591466_1221524537897372_5913602280774788057_o.jpg?oh=5871d932bcff4679f8bb7412176a1340&amp;oe=58F6CE0B\" alt=\"Zdj\u0119cie u\u017cytkownika Przedszkole Miejskie im. Kubusia Puchatka w Karlinie oraz \u017b\u0142obek Miejski.\" \/><img decoding=\"async\" src=\"https:\/\/scontent-waw1-1.xx.fbcdn.net\/v\/t31.0-8\/15625994_1221524117897414_7822410158271805409_o.jpg?oh=24a6a6a99d3a79e7300889e042aa78da&amp;oe=58E68E4A\" alt=\"Zdj\u0119cie u\u017cytkownika Przedszkole Miejskie im. Kubusia Puchatka w Karlinie oraz \u017b\u0142obek Miejski.\" \/><\/p>\n","protected":false},"excerpt":{"rendered":"","protected":false},"author":8,"featured_media":0,"comment_status":"closed","ping_status":"closed","sticky":false,"template":"","format":"standard","meta":{"footnotes":""},"categories":[],"tags":[],"class_list":["post-3703","post","type-post","status-publish","format-standard","hentry"],"blocksy_meta":{"styles_descriptor":{"styles":{"desktop":"","tablet":"","mobile":""},"google_fonts":[],"version":6}},"featured_image_urls_v2":{"full":"","thumbnail":"","medium":"","medium_large":"","large":"","1536x1536":"","2048x2048":""},"post_excerpt_stackable_v2":"","category_list_v2":"Bez kategorii","author_info_v2":{"name":"","url":"https:\/\/sport.karlino.pl\/author\/"},"comments_num_v2":"0 comments","_links":{"self":[{"href":"https:\/\/sport.karlino.pl\/index.php\/wp-json\/wp\/v2\/posts\/3703","targetHints":{"allow":["GET"]}}],"collection":[{"href":"https:\/\/sport.karlino.pl\/index.php\/wp-json\/wp\/v2\/posts"}],"about":[{"href":"https:\/\/sport.karlino.pl\/index.php\/wp-json\/wp\/v2\/types\/post"}],"author":[{"embeddable":true,"href":"https:\/\/sport.karlino.pl\/index.php\/wp-json\/wp\/v2\/users\/8"}],"replies":[{"embeddable":true,"href":"https:\/\/sport.karlino.pl\/index.php\/wp-json\/wp\/v2\/comments?post=3703"}],"version-history":[{"count":0,"href":"https:\/\/sport.karlino.pl\/index.php\/wp-json\/wp\/v2\/posts\/3703\/revisions"}],"wp:attachment":[{"href":"https:\/\/sport.karlino.pl\/index.php\/wp-json\/wp\/v2\/media?parent=3703"}],"wp:term":[{"taxonomy":"category","embeddable":true,"href":"https:\/\/sport.karlino.pl\/index.php\/wp-json\/wp\/v2\/categories?post=3703"},{"taxonomy":"post_tag","embeddable":true,"href":"https:\/\/sport.karlino.pl\/index.php\/wp-json\/wp\/v2\/tags?post=3703"}],"curies":[{"name":"wp","href":"https:\/\/api.w.org\/{rel}","templated":true}]}}