{"id":3749,"date":"2017-01-05T15:17:19","date_gmt":"2017-01-05T14:17:19","guid":{"rendered":"http:\/\/www.sport.karlino.pl\/?p=3749"},"modified":"2017-01-05T15:17:19","modified_gmt":"2017-01-05T14:17:19","slug":"6-stycznia-swieto-trzech-kroli-homanit-arena-nieczynna-ale-silownia-zaprasza","status":"publish","type":"post","link":"https:\/\/sport.karlino.pl\/index.php\/2017\/01\/05\/6-stycznia-swieto-trzech-kroli-homanit-arena-nieczynna-ale-silownia-zaprasza\/","title":{"rendered":"6 stycznia &#8211; \u015bwi\u0119to Trzech Kr\u00f3li. Homanit Arena nieczynna, ale si\u0142ownia zaprasza!"},"content":{"rendered":"<p>6 stycznia &#8211; \u015bwi\u0119to Trzech Kr\u00f3li. Homanit Arena nieczynna, ale si\u0142ownia zaprasza!<\/p>\n","protected":false},"excerpt":{"rendered":"<p>6 stycznia &#8211; \u015bwi\u0119to Trzech Kr\u00f3li. Homanit Arena nieczynna, ale si\u0142ownia zaprasza!<\/p>\n","protected":false},"author":8,"featured_media":0,"comment_status":"closed","ping_status":"closed","sticky":false,"template":"","format":"standard","meta":{"footnotes":""},"categories":[],"tags":[],"class_list":["post-3749","post","type-post","status-publish","format-standard","hentry"],"blocksy_meta":{"styles_descriptor":{"styles":{"desktop":"","tablet":"","mobile":""},"google_fonts":[],"version":6}},"featured_image_urls_v2":{"full":"","thumbnail":"","medium":"","medium_large":"","large":"","1536x1536":"","2048x2048":""},"post_excerpt_stackable_v2":"<p>6 stycznia &#8211; \u015bwi\u0119to Trzech Kr\u00f3li. Homanit Arena nieczynna, ale si\u0142ownia zaprasza!<\/p>\n","category_list_v2":"Bez kategorii","author_info_v2":{"name":"","url":"https:\/\/sport.karlino.pl\/author\/"},"comments_num_v2":"0 comments","_links":{"self":[{"href":"https:\/\/sport.karlino.pl\/index.php\/wp-json\/wp\/v2\/posts\/3749","targetHints":{"allow":["GET"]}}],"collection":[{"href":"https:\/\/sport.karlino.pl\/index.php\/wp-json\/wp\/v2\/posts"}],"about":[{"href":"https:\/\/sport.karlino.pl\/index.php\/wp-json\/wp\/v2\/types\/post"}],"author":[{"embeddable":true,"href":"https:\/\/sport.karlino.pl\/index.php\/wp-json\/wp\/v2\/users\/8"}],"replies":[{"embeddable":true,"href":"https:\/\/sport.karlino.pl\/index.php\/wp-json\/wp\/v2\/comments?post=3749"}],"version-history":[{"count":0,"href":"https:\/\/sport.karlino.pl\/index.php\/wp-json\/wp\/v2\/posts\/3749\/revisions"}],"wp:attachment":[{"href":"https:\/\/sport.karlino.pl\/index.php\/wp-json\/wp\/v2\/media?parent=3749"}],"wp:term":[{"taxonomy":"category","embeddable":true,"href":"https:\/\/sport.karlino.pl\/index.php\/wp-json\/wp\/v2\/categories?post=3749"},{"taxonomy":"post_tag","embeddable":true,"href":"https:\/\/sport.karlino.pl\/index.php\/wp-json\/wp\/v2\/tags?post=3749"}],"curies":[{"name":"wp","href":"https:\/\/api.w.org\/{rel}","templated":true}]}}