{"id":3910,"date":"2017-01-24T16:22:42","date_gmt":"2017-01-24T15:22:42","guid":{"rendered":"http:\/\/www.sport.karlino.pl\/?p=3910"},"modified":"2017-01-24T16:22:42","modified_gmt":"2017-01-24T15:22:42","slug":"zapraszamy-na-masaze","status":"publish","type":"post","link":"https:\/\/sport.karlino.pl\/index.php\/2017\/01\/24\/zapraszamy-na-masaze\/","title":{"rendered":"Zapraszamy na masa\u017ce :)"},"content":{"rendered":"<p><span class=\"fbPhotosPhotoCaption\" tabindex=\"0\" data-ft=\"{&quot;tn&quot;:&quot;K&quot;}\"><span class=\"hasCaption\">\u00a0<\/span><\/span><\/p>\n<div id=\"id_588770ee492611e89161833\" class=\"text_exposed_root text_exposed\">Zapraszamy na masa\u017ce <span class=\"_47e3 _5mfr\" title=\"Emotikon smile\"><img decoding=\"async\" class=\"img\" src=\"https:\/\/www.facebook.com\/images\/emoji.php\/v7\/f4c\/1\/16\/1f642.png\" alt=\"\" width=\"16\" height=\"16\" \/><span class=\"_7oe\">\ud83d\ude42<\/span><\/span><br \/>\nNajbli\u017cszy wolny termin czwartek 17:00 i piatek 17.30<\/p>\n<p>Zapraszamy r\u00f3wnie\u017c na zabiegi z fizykoterapii.<br \/>\n<span class=\"text_exposed_show\"><br \/>\nultrad\u017awi\u0119ki<br \/>\nlaser<br \/>\nmagnetronik<br \/>\nfala uderzeniowa<br \/>\nkrioterapia miejscowa<\/p>\n<p>a tak\u017ce terapia manualna.<\/p>\n<p>Rezerwacje pod nr-em telefonu 606730503, lub osobi\u015bcie w recepcji<\/span><\/div>\n<p><span id=\"fbPhotoSnowliftCaption\" class=\"fbPhotosPhotoCaption\" tabindex=\"0\" data-ft=\"{&quot;tn&quot;:&quot;K&quot;}\"><\/span><span id=\"fbPhotoSnowliftTagList\" class=\"fbPhotoTagList\"><span class=\"fcg\"> \u2014 w: <i class=\"_agk img sp_jva6NplBF2R sx_95e309\"><\/i><span class=\"fbPhotoTagListTag withTagItem tagItem\"><span class=\"textTagHovercardLink taggee\">Regionalne Centrum Turystyki i Sportu w Karlinie<\/span><\/span>.<\/span><\/span><\/p>\n<p><img decoding=\"async\" src=\"https:\/\/scontent-waw1-1.xx.fbcdn.net\/v\/t31.0-8\/16177492_742140452600011_3366764263088630441_o.jpg?oh=c882b3727824c98bf4490a22f732cb39&amp;oe=59169027\" alt=\"Zdj\u0119cie u\u017cytkownika FITaR.\" \/><\/p>\n","protected":false},"excerpt":{"rendered":"<p>\u00a0 Zapraszamy na masa\u017ce \ud83d\ude42 Najbli\u017cszy wolny termin czwartek 17:00 i piatek 17.30 Zapraszamy r\u00f3wnie\u017c na zabiegi z fizykoterapii. ultrad\u017awi\u0119ki laser magnetronik fala uderzeniowa krioterapia miejscowa a tak\u017ce terapia manualna. [&hellip;]<\/p>\n","protected":false},"author":8,"featured_media":0,"comment_status":"closed","ping_status":"closed","sticky":false,"template":"","format":"standard","meta":{"footnotes":""},"categories":[],"tags":[],"class_list":["post-3910","post","type-post","status-publish","format-standard","hentry"],"blocksy_meta":{"styles_descriptor":{"styles":{"desktop":"","tablet":"","mobile":""},"google_fonts":[],"version":6}},"featured_image_urls_v2":{"full":"","thumbnail":"","medium":"","medium_large":"","large":"","1536x1536":"","2048x2048":""},"post_excerpt_stackable_v2":"<p>\u00a0 Zapraszamy na masa\u017ce \ud83d\ude42 Najbli\u017cszy wolny termin czwartek 17:00 i piatek 17.30 Zapraszamy r\u00f3wnie\u017c na zabiegi z fizykoterapii. ultrad\u017awi\u0119ki laser magnetronik fala uderzeniowa krioterapia miejscowa a tak\u017ce terapia manualna. Rezerwacje pod nr-em telefonu 606730503, lub osobi\u015bcie w recepcji \u2014 w: Regionalne Centrum Turystyki i Sportu w Karlinie.<\/p>\n","category_list_v2":"Bez kategorii","author_info_v2":{"name":"","url":"https:\/\/sport.karlino.pl\/author\/"},"comments_num_v2":"0 comments","_links":{"self":[{"href":"https:\/\/sport.karlino.pl\/index.php\/wp-json\/wp\/v2\/posts\/3910","targetHints":{"allow":["GET"]}}],"collection":[{"href":"https:\/\/sport.karlino.pl\/index.php\/wp-json\/wp\/v2\/posts"}],"about":[{"href":"https:\/\/sport.karlino.pl\/index.php\/wp-json\/wp\/v2\/types\/post"}],"author":[{"embeddable":true,"href":"https:\/\/sport.karlino.pl\/index.php\/wp-json\/wp\/v2\/users\/8"}],"replies":[{"embeddable":true,"href":"https:\/\/sport.karlino.pl\/index.php\/wp-json\/wp\/v2\/comments?post=3910"}],"version-history":[{"count":0,"href":"https:\/\/sport.karlino.pl\/index.php\/wp-json\/wp\/v2\/posts\/3910\/revisions"}],"wp:attachment":[{"href":"https:\/\/sport.karlino.pl\/index.php\/wp-json\/wp\/v2\/media?parent=3910"}],"wp:term":[{"taxonomy":"category","embeddable":true,"href":"https:\/\/sport.karlino.pl\/index.php\/wp-json\/wp\/v2\/categories?post=3910"},{"taxonomy":"post_tag","embeddable":true,"href":"https:\/\/sport.karlino.pl\/index.php\/wp-json\/wp\/v2\/tags?post=3910"}],"curies":[{"name":"wp","href":"https:\/\/api.w.org\/{rel}","templated":true}]}}