{"id":4081,"date":"2017-02-16T16:42:37","date_gmt":"2017-02-16T15:42:37","guid":{"rendered":"http:\/\/www.sport.karlino.pl\/?p=4081"},"modified":"2017-02-16T16:42:59","modified_gmt":"2017-02-16T15:42:59","slug":"fitar-16","status":"publish","type":"post","link":"https:\/\/sport.karlino.pl\/index.php\/2017\/02\/16\/fitar-16\/","title":{"rendered":"FITaR"},"content":{"rendered":"<p><span id=\"fbPhotoSnowliftCaption\" class=\"fbPhotosPhotoCaption\" tabindex=\"0\" data-ft=\"{&quot;tn&quot;:&quot;K&quot;}\"><span class=\"hasCaption\"><br \/>\nZapraszamy na si\u0142owni\u0119! Pami\u0119tajcie \u017ce do pi\u0105tku Wasza &#8220;druga po\u0142owa&#8221; wchodzi za free !<\/span><\/span><span id=\"fbPhotoSnowliftTagList\" class=\"fbPhotoTagList\"><span class=\"fcg\"> \u2014 w: <i class=\"_agk img sp_eClSJ0Fl8dN sx_8fad29\"><\/i><span class=\"fbPhotoTagListTag withTagItem tagItem\"><span class=\"textTagHovercardLink taggee\">Regionalne Centrum Turystyki i Sportu w Karlinie<\/span><\/span>.<\/span><\/span><\/p>\n<p><img decoding=\"async\" src=\"https:\/\/scontent-waw1-1.xx.fbcdn.net\/v\/t1.0-9\/16681838_754409121373144_8469235281820448546_n.jpg?oh=4fbb0b6aed7f3ab88cde72b12eb6436c&amp;oe=5946193D\" alt=\"Zdj\u0119cie u\u017cytkownika FITaR.\" \/><\/p>\n","protected":false},"excerpt":{"rendered":"<p>Zapraszamy na si\u0142owni\u0119! Pami\u0119tajcie \u017ce do pi\u0105tku Wasza &#8220;druga po\u0142owa&#8221; wchodzi za free ! \u2014 w: Regionalne Centrum Turystyki i Sportu w Karlinie.<\/p>\n","protected":false},"author":8,"featured_media":0,"comment_status":"closed","ping_status":"closed","sticky":false,"template":"","format":"standard","meta":{"footnotes":""},"categories":[],"tags":[],"class_list":["post-4081","post","type-post","status-publish","format-standard","hentry"],"blocksy_meta":{"styles_descriptor":{"styles":{"desktop":"","tablet":"","mobile":""},"google_fonts":[],"version":6}},"featured_image_urls_v2":{"full":"","thumbnail":"","medium":"","medium_large":"","large":"","1536x1536":"","2048x2048":""},"post_excerpt_stackable_v2":"<p>Zapraszamy na si\u0142owni\u0119! Pami\u0119tajcie \u017ce do pi\u0105tku Wasza &#8220;druga po\u0142owa&#8221; wchodzi za free ! \u2014 w: Regionalne Centrum Turystyki i Sportu w Karlinie.<\/p>\n","category_list_v2":"Bez kategorii","author_info_v2":{"name":"","url":"https:\/\/sport.karlino.pl\/author\/"},"comments_num_v2":"0 comments","_links":{"self":[{"href":"https:\/\/sport.karlino.pl\/index.php\/wp-json\/wp\/v2\/posts\/4081","targetHints":{"allow":["GET"]}}],"collection":[{"href":"https:\/\/sport.karlino.pl\/index.php\/wp-json\/wp\/v2\/posts"}],"about":[{"href":"https:\/\/sport.karlino.pl\/index.php\/wp-json\/wp\/v2\/types\/post"}],"author":[{"embeddable":true,"href":"https:\/\/sport.karlino.pl\/index.php\/wp-json\/wp\/v2\/users\/8"}],"replies":[{"embeddable":true,"href":"https:\/\/sport.karlino.pl\/index.php\/wp-json\/wp\/v2\/comments?post=4081"}],"version-history":[{"count":0,"href":"https:\/\/sport.karlino.pl\/index.php\/wp-json\/wp\/v2\/posts\/4081\/revisions"}],"wp:attachment":[{"href":"https:\/\/sport.karlino.pl\/index.php\/wp-json\/wp\/v2\/media?parent=4081"}],"wp:term":[{"taxonomy":"category","embeddable":true,"href":"https:\/\/sport.karlino.pl\/index.php\/wp-json\/wp\/v2\/categories?post=4081"},{"taxonomy":"post_tag","embeddable":true,"href":"https:\/\/sport.karlino.pl\/index.php\/wp-json\/wp\/v2\/tags?post=4081"}],"curies":[{"name":"wp","href":"https:\/\/api.w.org\/{rel}","templated":true}]}}