{"id":4217,"date":"2017-03-06T07:44:21","date_gmt":"2017-03-06T06:44:21","guid":{"rendered":"http:\/\/www.sport.karlino.pl\/?p=4217"},"modified":"2017-03-06T07:44:21","modified_gmt":"2017-03-06T06:44:21","slug":"iii-karlinska-halowa-liga-pilki-noznej-im-romana-lentnera-ad-2017","status":"publish","type":"post","link":"https:\/\/sport.karlino.pl\/index.php\/2017\/03\/06\/iii-karlinska-halowa-liga-pilki-noznej-im-romana-lentnera-ad-2017\/","title":{"rendered":"III KARLI\u0143SKA HALOWA LIGA PI\u0141KI NO\u017bNEJ IM. ROMANA LENTNERA &#8211; AD. 2017"},"content":{"rendered":"<p>III KARLI\u0143SKA HALOWA LIGA PI\u0141KI NO\u017bNEJ IM. ROMANA LENTNERA &#8211; AD. 2017<\/p>\n<p>Za nami czwarta &#8211; fina\u0142owa runda w ramach III KHLPN. Do turnieju zg\u0142osi\u0142o si\u0119 razem 8 dru\u017cyn, kt\u00f3re przez cztery kolejene turniejowe niedziele walczy\u0142y o punkty i tym samym wygran\u0105!<\/p>\n<p>Po zaci\u0119tych, pe\u0142nych emocji sportowych Puchar za wygran\u0105 w tej edycji ligi pow\u0119drowa\u0142 do dru\u017cyny MAXTRANS!<\/p>\n<p><img decoding=\"async\" src=\"https:\/\/scontent.fwaw3-1.fna.fbcdn.net\/v\/t31.0-8\/17191768_1317635951667175_3010851315751666839_o.jpg?oh=9caf74bd4a75022562a7d0d680e4d714&amp;oe=5937C92F\" alt=\"Zdj\u0119cie u\u017cytkownika Regionalne Centrum Turystyki i Sportu w Karlinie.\" \/><\/p>\n<p><img decoding=\"async\" src=\"https:\/\/scontent.fwaw3-1.fna.fbcdn.net\/v\/t31.0-8\/17097835_1317635945000509_99772792608977275_o.jpg?oh=448d4b4a1354c4909406698049a53bd6&amp;oe=593B100F\" alt=\"Zdj\u0119cie u\u017cytkownika Regionalne Centrum Turystyki i Sportu w Karlinie.\" \/><\/p>\n<p>&nbsp;<\/p>\n<p><img decoding=\"async\" src=\"https:\/\/scontent.fwaw3-1.fna.fbcdn.net\/v\/t31.0-8\/17039369_1317636405000463_3570886529687902691_o.jpg?oh=23e45ed642a62eae3ce41ebabca3e7bb&amp;oe=592614AB\" alt=\"Zdj\u0119cie u\u017cytkownika Regionalne Centrum Turystyki i Sportu w Karlinie.\" \/><\/p>\n<p><img decoding=\"async\" src=\"https:\/\/scontent.fwaw3-1.fna.fbcdn.net\/v\/t31.0-8\/17157762_1317635975000506_8810480345826513363_o.jpg?oh=f7021c50814fc44d7fea0657cbe06acc&amp;oe=5972045F\" alt=\"Zdj\u0119cie u\u017cytkownika Regionalne Centrum Turystyki i Sportu w Karlinie.\" \/><\/p>\n<p><img decoding=\"async\" src=\"https:\/\/scontent.fwaw3-1.fna.fbcdn.net\/v\/t31.0-8\/17097286_1317635965000507_7313239776022369114_o.jpg?oh=046829b8e9911a7e7d824879d97265e3&amp;oe=59702D01\" alt=\"Zdj\u0119cie u\u017cytkownika Regionalne Centrum Turystyki i Sportu w Karlinie.\" \/><\/p>\n<p><img decoding=\"async\" src=\"https:\/\/scontent.fwaw3-1.fna.fbcdn.net\/v\/t31.0-8\/17191784_1317635895000514_9216069682126406114_o.jpg?oh=5d96e9f1e0d69640ada05ba0ddb797c1&amp;oe=596DEC2A\" alt=\"Zdj\u0119cie u\u017cytkownika Regionalne Centrum Turystyki i Sportu w Karlinie.\" \/><\/p>\n<p><img decoding=\"async\" src=\"https:\/\/scontent.fwaw3-1.fna.fbcdn.net\/v\/t31.0-8\/17158874_1317635845000519_6607428172841323207_o.jpg?oh=a5bc76c309d83ff4c727a884f3d9fe49&amp;oe=593D33D4\" alt=\"Zdj\u0119cie u\u017cytkownika Regionalne Centrum Turystyki i Sportu w Karlinie.\" \/><\/p>\n<p><img decoding=\"async\" src=\"https:\/\/scontent.fwaw3-1.fna.fbcdn.net\/v\/t31.0-8\/17097346_1317635628333874_2267428537135047940_o.jpg?oh=4d65aa8baedf3a1b0e05a0bcb91c1045&amp;oe=59671507\" alt=\"Zdj\u0119cie u\u017cytkownika Regionalne Centrum Turystyki i Sportu w Karlinie.\" \/><img decoding=\"async\" src=\"https:\/\/scontent.fwaw3-1.fna.fbcdn.net\/v\/t31.0-8\/17017149_1317635588333878_8465193431377995359_o.jpg?oh=93d1151339802388d33adba7db24e0d6&amp;oe=596E7043\" alt=\"Zdj\u0119cie u\u017cytkownika Regionalne Centrum Turystyki i Sportu w Karlinie.\" \/><\/p>\n<p><img decoding=\"async\" src=\"https:\/\/scontent.fwaw3-1.fna.fbcdn.net\/v\/t31.0-8\/17159307_1317635471667223_5082123057553885378_o.jpg?oh=6dff429f7538a4bc986334cc51b5e81e&amp;oe=59338E0F\" alt=\"Zdj\u0119cie u\u017cytkownika Regionalne Centrum Turystyki i Sportu w Karlinie.\" \/><\/p>\n<p><img decoding=\"async\" src=\"https:\/\/scontent.fwaw3-1.fna.fbcdn.net\/v\/t31.0-8\/17039350_1317635405000563_8463389330872355921_o.jpg?oh=fbc2cd3a8abdadf033cf822ea22127c0&amp;oe=59399F8E\" alt=\"Zdj\u0119cie u\u017cytkownika Regionalne Centrum Turystyki i Sportu w Karlinie.\" \/><\/p>\n","protected":false},"excerpt":{"rendered":"<p>III KARLI\u0143SKA HALOWA LIGA PI\u0141KI NO\u017bNEJ IM. ROMANA LENTNERA &#8211; AD. 2017 Za nami czwarta &#8211; fina\u0142owa runda w ramach III KHLPN. Do turnieju zg\u0142osi\u0142o si\u0119 razem 8 dru\u017cyn, kt\u00f3re [&hellip;]<\/p>\n","protected":false},"author":8,"featured_media":0,"comment_status":"closed","ping_status":"closed","sticky":false,"template":"","format":"standard","meta":{"footnotes":""},"categories":[],"tags":[],"class_list":["post-4217","post","type-post","status-publish","format-standard","hentry"],"blocksy_meta":{"styles_descriptor":{"styles":{"desktop":"","tablet":"","mobile":""},"google_fonts":[],"version":6}},"featured_image_urls_v2":{"full":"","thumbnail":"","medium":"","medium_large":"","large":"","1536x1536":"","2048x2048":""},"post_excerpt_stackable_v2":"<p>III KARLI\u0143SKA HALOWA LIGA PI\u0141KI NO\u017bNEJ IM. ROMANA LENTNERA &#8211; AD. 2017 Za nami czwarta &#8211; fina\u0142owa runda w ramach III KHLPN. Do turnieju zg\u0142osi\u0142o si\u0119 razem 8 dru\u017cyn, kt\u00f3re przez cztery kolejene turniejowe niedziele walczy\u0142y o punkty i tym samym wygran\u0105! Po zaci\u0119tych, pe\u0142nych emocji sportowych Puchar za wygran\u0105 w tej edycji ligi pow\u0119drowa\u0142 do dru\u017cyny MAXTRANS! &nbsp;<\/p>\n","category_list_v2":"Bez kategorii","author_info_v2":{"name":"","url":"https:\/\/sport.karlino.pl\/author\/"},"comments_num_v2":"0 comments","_links":{"self":[{"href":"https:\/\/sport.karlino.pl\/index.php\/wp-json\/wp\/v2\/posts\/4217","targetHints":{"allow":["GET"]}}],"collection":[{"href":"https:\/\/sport.karlino.pl\/index.php\/wp-json\/wp\/v2\/posts"}],"about":[{"href":"https:\/\/sport.karlino.pl\/index.php\/wp-json\/wp\/v2\/types\/post"}],"author":[{"embeddable":true,"href":"https:\/\/sport.karlino.pl\/index.php\/wp-json\/wp\/v2\/users\/8"}],"replies":[{"embeddable":true,"href":"https:\/\/sport.karlino.pl\/index.php\/wp-json\/wp\/v2\/comments?post=4217"}],"version-history":[{"count":0,"href":"https:\/\/sport.karlino.pl\/index.php\/wp-json\/wp\/v2\/posts\/4217\/revisions"}],"wp:attachment":[{"href":"https:\/\/sport.karlino.pl\/index.php\/wp-json\/wp\/v2\/media?parent=4217"}],"wp:term":[{"taxonomy":"category","embeddable":true,"href":"https:\/\/sport.karlino.pl\/index.php\/wp-json\/wp\/v2\/categories?post=4217"},{"taxonomy":"post_tag","embeddable":true,"href":"https:\/\/sport.karlino.pl\/index.php\/wp-json\/wp\/v2\/tags?post=4217"}],"curies":[{"name":"wp","href":"https:\/\/api.w.org\/{rel}","templated":true}]}}