{"id":4220,"date":"2017-03-06T14:42:31","date_gmt":"2017-03-06T13:42:31","guid":{"rendered":"http:\/\/www.sport.karlino.pl\/?p=4220"},"modified":"2017-03-06T14:42:31","modified_gmt":"2017-03-06T13:42:31","slug":"mluks-3","status":"publish","type":"post","link":"https:\/\/sport.karlino.pl\/index.php\/2017\/03\/06\/mluks-3\/","title":{"rendered":"MLUKS"},"content":{"rendered":"<p>Podopieczni MLUKS brali udzia\u0142 w Mistrzostwach Wojew\u00f3dztwa w \u015awidwinie, grupa kadet i junior oraz Mi\u0119dzynarodowym Turnieju o Puchar Burmistrza Bielawy w kt\u00f3rym<span class=\"text_exposed_show\"> udzia\u0142 bra\u0142o 300 uczestnik\u00f3w z 28 klub\u00f3w z Polski i z zagranicy.<\/span><\/p>\n<div class=\"text_exposed_show\">\n<p>Wyniki indywidualne ze \u015awidwina:<\/p>\n<p>Pierwsze miejsca zaj\u0119li Donata Oleksik, Natalia Walczak, Monika Klepuszewska, Amanda Tomczyk oraz Sebastian Tomczyk.<\/p>\n<p>Drugie miejsce zaj\u0105\u0142 Igor Puch i Aleksandra Hryci\u00f3w a trzecie Maciej Klepuszewski.<\/p>\n<p>W klasyfikacji dru\u017cynowej zaj\u0119li\u015bmy trzecie miejsce!<\/p>\n<p>Wyniki indywidualne z Bielawy:<\/p>\n<p>Pierwsze miejsca zaj\u0119li Cezary Lange oraz Mateusz Nowicki.<\/p>\n<p>Drugie miejsca zaj\u0119\u0142y Maria Szkudlarek i Zuzanna Wojda.<\/p>\n<p>Tu\u017c za podium na pi\u0105tym miejscu uplasowali si\u0119 And\u017celika D\u0105browska oraz Igor Szucki.<br \/>\nW zawodach brali udzia\u0142 r\u00f3wnie\u017c Astoria Bublas i Filip Szucki.<\/p>\n<\/div>\n<p>&nbsp;<\/p>\n<p><img decoding=\"async\" src=\"https:\/\/scontent.fwaw3-1.fna.fbcdn.net\/v\/t1.0-9\/17103788_942757242528302_5804330933178698481_n.jpg?oh=82aa8e89608ca1c0ec96f7b7edce174e&amp;oe=597108C3\" alt=\"Zdj\u0119cie u\u017cytkownika MLUKS.\" \/><img decoding=\"async\" src=\"https:\/\/scontent.fwaw3-1.fna.fbcdn.net\/v\/t1.0-9\/16996006_942757152528311_2263137431112401135_n.jpg?oh=c6a6bc2918cbab0243072cbb33812162&amp;oe=59698771\" alt=\"Zdj\u0119cie u\u017cytkownika MLUKS.\" \/><img decoding=\"async\" src=\"https:\/\/scontent.fwaw3-1.fna.fbcdn.net\/v\/t1.0-9\/17155901_942757199194973_7515829417939632164_n.jpg?oh=7137b2ac2af913ee2efe0bb392feb41c&amp;oe=593A2C02\" alt=\"Zdj\u0119cie u\u017cytkownika MLUKS.\" \/><img decoding=\"async\" src=\"https:\/\/scontent.fwaw3-1.fna.fbcdn.net\/v\/t31.0-8\/16992161_942757169194976_7679154608448944114_o.jpg?oh=b852b30fbef7f4f74b4a35855fa959a2&amp;oe=593C446D\" alt=\"Zdj\u0119cie u\u017cytkownika MLUKS.\" \/><img decoding=\"async\" src=\"https:\/\/scontent.fwaw3-1.fna.fbcdn.net\/v\/t1.0-9\/17156071_942757165861643_8306557292973432055_n.jpg?oh=6adc550d21908ecab6cc8fb0bc61f90f&amp;oe=59337773\" alt=\"Zdj\u0119cie u\u017cytkownika MLUKS.\" \/><\/p>\n","protected":false},"excerpt":{"rendered":"<p>Podopieczni MLUKS brali udzia\u0142 w Mistrzostwach Wojew\u00f3dztwa w \u015awidwinie, grupa kadet i junior oraz Mi\u0119dzynarodowym Turnieju o Puchar Burmistrza Bielawy w kt\u00f3rym udzia\u0142 bra\u0142o 300 uczestnik\u00f3w z 28 klub\u00f3w z [&hellip;]<\/p>\n","protected":false},"author":8,"featured_media":0,"comment_status":"closed","ping_status":"closed","sticky":false,"template":"","format":"standard","meta":{"footnotes":""},"categories":[],"tags":[],"class_list":["post-4220","post","type-post","status-publish","format-standard","hentry"],"blocksy_meta":{"styles_descriptor":{"styles":{"desktop":"","tablet":"","mobile":""},"google_fonts":[],"version":6}},"featured_image_urls_v2":{"full":"","thumbnail":"","medium":"","medium_large":"","large":"","1536x1536":"","2048x2048":""},"post_excerpt_stackable_v2":"<p>Podopieczni MLUKS brali udzia\u0142 w Mistrzostwach Wojew\u00f3dztwa w \u015awidwinie, grupa kadet i junior oraz Mi\u0119dzynarodowym Turnieju o Puchar Burmistrza Bielawy w kt\u00f3rym udzia\u0142 bra\u0142o 300 uczestnik\u00f3w z 28 klub\u00f3w z Polski i z zagranicy. Wyniki indywidualne ze \u015awidwina: Pierwsze miejsca zaj\u0119li Donata Oleksik, Natalia Walczak, Monika Klepuszewska, Amanda Tomczyk oraz Sebastian Tomczyk. Drugie miejsce zaj\u0105\u0142 Igor Puch i Aleksandra Hryci\u00f3w a trzecie Maciej Klepuszewski. W klasyfikacji dru\u017cynowej zaj\u0119li\u015bmy trzecie miejsce! Wyniki indywidualne z Bielawy: Pierwsze miejsca zaj\u0119li Cezary Lange oraz Mateusz Nowicki. Drugie miejsca zaj\u0119\u0142y Maria Szkudlarek i Zuzanna Wojda. Tu\u017c za podium na pi\u0105tym miejscu uplasowali si\u0119 And\u017celika D\u0105browska&hellip;<\/p>\n","category_list_v2":"Bez kategorii","author_info_v2":{"name":"","url":"https:\/\/sport.karlino.pl\/author\/"},"comments_num_v2":"0 comments","_links":{"self":[{"href":"https:\/\/sport.karlino.pl\/index.php\/wp-json\/wp\/v2\/posts\/4220","targetHints":{"allow":["GET"]}}],"collection":[{"href":"https:\/\/sport.karlino.pl\/index.php\/wp-json\/wp\/v2\/posts"}],"about":[{"href":"https:\/\/sport.karlino.pl\/index.php\/wp-json\/wp\/v2\/types\/post"}],"author":[{"embeddable":true,"href":"https:\/\/sport.karlino.pl\/index.php\/wp-json\/wp\/v2\/users\/8"}],"replies":[{"embeddable":true,"href":"https:\/\/sport.karlino.pl\/index.php\/wp-json\/wp\/v2\/comments?post=4220"}],"version-history":[{"count":0,"href":"https:\/\/sport.karlino.pl\/index.php\/wp-json\/wp\/v2\/posts\/4220\/revisions"}],"wp:attachment":[{"href":"https:\/\/sport.karlino.pl\/index.php\/wp-json\/wp\/v2\/media?parent=4220"}],"wp:term":[{"taxonomy":"category","embeddable":true,"href":"https:\/\/sport.karlino.pl\/index.php\/wp-json\/wp\/v2\/categories?post=4220"},{"taxonomy":"post_tag","embeddable":true,"href":"https:\/\/sport.karlino.pl\/index.php\/wp-json\/wp\/v2\/tags?post=4220"}],"curies":[{"name":"wp","href":"https:\/\/api.w.org\/{rel}","templated":true}]}}