{"id":4229,"date":"2017-03-07T13:26:52","date_gmt":"2017-03-07T12:26:52","guid":{"rendered":"http:\/\/www.sport.karlino.pl\/?p=4229"},"modified":"2017-03-07T13:30:26","modified_gmt":"2017-03-07T12:30:26","slug":"z-podworka-na-stadion-o-puchar-tymbarku-edycja-xvii","status":"publish","type":"post","link":"https:\/\/sport.karlino.pl\/index.php\/2017\/03\/07\/z-podworka-na-stadion-o-puchar-tymbarku-edycja-xvii\/","title":{"rendered":"Z podw\u00f3rka na stadion o puchar Tymbarku edycja XVII."},"content":{"rendered":"<p>Z podw\u00f3rka na stadion o puchar Tymbarku edycja XVII. W\u0142a\u015bnie rozpocz\u0119\u0142y si\u0119 rozgrywki zapraszamy do wspolnego kibicowania.<\/p>\n<p><img decoding=\"async\" src=\"https:\/\/scontent.fwaw3-1.fna.fbcdn.net\/v\/t31.0-8\/17038748_1319347794829324_70928246844149153_o.jpg?oh=6ded6ec9b8e7531323b51dcd6cf196e4&amp;oe=592F6BAA\" alt=\"Zdj\u0119cie u\u017cytkownika Regionalne Centrum Turystyki i Sportu w Karlinie.\" \/><\/p>\n<p>W eliminacjach gminnych udzia\u0142 wzi\u0119\u0142y trzy szko\u0142y Karlino, Daszewo oraz Kar\u015bcino. Po zaci\u0119tej walce w jutrzejszych eliminacjach powiatowych w Bia\u0142ogardzie nasz\u0105 Gmin\u0119 reprezentowa\u0107 b\u0119d\u0105 w grupie dziewcz\u0105t dro\u017cyna SP Kar\u015bcino oraz w grupie ch\u0142opc\u00f3w dru\u017cyny SP Karlino<\/p>\n<p><img decoding=\"async\" src=\"https:\/\/scontent.fwaw3-1.fna.fbcdn.net\/v\/t31.0-8\/17097867_1319347974829306_5587810450381696929_o.jpg?oh=b9d19b6610f89d7d1d21378c65a59957&amp;oe=593515B9\" alt=\"Zdj\u0119cie u\u017cytkownika Regionalne Centrum Turystyki i Sportu w Karlinie.\" \/><img decoding=\"async\" src=\"https:\/\/scontent.fwaw3-1.fna.fbcdn.net\/v\/t31.0-8\/17039061_1319347964829307_3099170661088871314_o.jpg?oh=bfd934380f9f5247e3ac66e8d45b3d66&amp;oe=592E9958\" alt=\"Zdj\u0119cie u\u017cytkownika Regionalne Centrum Turystyki i Sportu w Karlinie.\" \/><img decoding=\"async\" src=\"https:\/\/scontent.fwaw3-1.fna.fbcdn.net\/v\/t31.0-8\/17097435_1319347644829339_7030344301580873774_o.jpg?oh=1532f75a5fde160b54ca064529fe08dc&amp;oe=59329568\" alt=\"Zdj\u0119cie u\u017cytkownika Regionalne Centrum Turystyki i Sportu w Karlinie.\" \/><img decoding=\"async\" src=\"https:\/\/scontent.fwaw3-1.fna.fbcdn.net\/v\/t31.0-8\/17097682_1319347404829363_1515308196714524606_o.jpg?oh=236074ddb06a0cf47c79b99b38c731ea&amp;oe=59338C39\" alt=\"Zdj\u0119cie u\u017cytkownika Regionalne Centrum Turystyki i Sportu w Karlinie.\" \/><img decoding=\"async\" src=\"https:\/\/scontent.fwaw3-1.fna.fbcdn.net\/v\/t31.0-8\/17192281_1319347258162711_2446160462798051906_o.jpg?oh=b68b4c1fa999530fcab5524e5eba7251&amp;oe=596FD73A\" alt=\"Zdj\u0119cie u\u017cytkownika Regionalne Centrum Turystyki i Sportu w Karlinie.\" \/><img decoding=\"async\" src=\"https:\/\/scontent.fwaw3-1.fna.fbcdn.net\/v\/t31.0-8\/17191821_1319347188162718_8938779250597478867_o.jpg?oh=6797efb890f8265180bef82f74e2b8c2&amp;oe=5938F587\" alt=\"Zdj\u0119cie u\u017cytkownika Regionalne Centrum Turystyki i Sportu w Karlinie.\" \/><img decoding=\"async\" src=\"https:\/\/scontent.fwaw3-1.fna.fbcdn.net\/v\/t31.0-8\/17159229_1319347178162719_7118969995539323762_o.jpg?oh=56401a9595c8354ec63b3c9c3b96f910&amp;oe=5931BD53\" alt=\"Zdj\u0119cie u\u017cytkownika Regionalne Centrum Turystyki i Sportu w Karlinie.\" \/><img decoding=\"async\" src=\"https:\/\/scontent.fwaw3-1.fna.fbcdn.net\/v\/t31.0-8\/17159023_1319347061496064_5223312987216078452_o.jpg?oh=74c5d441857128ed005420b6bb4485d0&amp;oe=596C2436\" alt=\"Zdj\u0119cie u\u017cytkownika Regionalne Centrum Turystyki i Sportu w Karlinie.\" \/><img decoding=\"async\" src=\"https:\/\/scontent.fwaw3-1.fna.fbcdn.net\/v\/t31.0-8\/17157493_1319346884829415_3324521223638313513_o.jpg?oh=9d8234a9f9e31d87158aca6894ecb00c&amp;oe=59657DCA\" alt=\"Zdj\u0119cie u\u017cytkownika Regionalne Centrum Turystyki i Sportu w Karlinie.\" \/><img decoding=\"async\" src=\"https:\/\/scontent.fwaw3-1.fna.fbcdn.net\/v\/t31.0-8\/17191855_1319346751496095_905993076921318668_o.jpg?oh=041db5c190879dabece0a4c8f6d1dbb2&amp;oe=592D3FFC\" alt=\"Zdj\u0119cie u\u017cytkownika Regionalne Centrum Turystyki i Sportu w Karlinie.\" \/><img decoding=\"async\" src=\"https:\/\/scontent.fwaw3-1.fna.fbcdn.net\/v\/t31.0-8\/17211979_1319346674829436_3101692975556951955_o.jpg?oh=e8a91626c924363500bbe021d80c8297&amp;oe=596757D6\" alt=\"Zdj\u0119cie u\u017cytkownika Regionalne Centrum Turystyki i Sportu w Karlinie.\" \/><img decoding=\"async\" src=\"https:\/\/scontent.fwaw3-1.fna.fbcdn.net\/v\/t31.0-8\/17097987_1319348721495898_5457711779041120899_o.jpg?oh=0e746ebe084f36e572f4bff5198873af&amp;oe=59389013\" alt=\"Zdj\u0119cie u\u017cytkownika Regionalne Centrum Turystyki i Sportu w Karlinie.\" \/><img decoding=\"async\" src=\"https:\/\/scontent.fwaw3-1.fna.fbcdn.net\/v\/t1.0-9\/17156002_1319225128174924_4353598506511606740_n.jpg?oh=bbe0db99eba3acc7e6b9627c77345f22&amp;oe=59265F05\" alt=\"Zdj\u0119cie u\u017cytkownika Regionalne Centrum Turystyki i Sportu w Karlinie.\" \/><img decoding=\"async\" src=\"https:\/\/scontent.fwaw3-1.fna.fbcdn.net\/v\/t1.0-9\/17190790_1319225178174919_8282438484383790754_n.jpg?oh=46fd88b0232058dae1139d96e0ce642c&amp;oe=5935C7B4\" alt=\"Zdj\u0119cie u\u017cytkownika Regionalne Centrum Turystyki i Sportu w Karlinie.\" \/><img decoding=\"async\" src=\"https:\/\/scontent.fwaw3-1.fna.fbcdn.net\/v\/t1.0-9\/16996233_1319225184841585_6871537595691705211_n.jpg?oh=bbade224f3ab95bf9064650f6cfc7c85&amp;oe=592E00E6\" alt=\"Zdj\u0119cie u\u017cytkownika Regionalne Centrum Turystyki i Sportu w Karlinie.\" \/><img decoding=\"async\" src=\"https:\/\/scontent.fwaw3-1.fna.fbcdn.net\/v\/t1.0-9\/17190761_1319225138174923_1358459460754558825_n.jpg?oh=56c55dae2e5f42cdbefac6a94a8ecaa8&amp;oe=59691BB3\" alt=\"Zdj\u0119cie u\u017cytkownika Regionalne Centrum Turystyki i Sportu w Karlinie.\" \/><\/p>\n","protected":false},"excerpt":{"rendered":"<p>Z podw\u00f3rka na stadion o puchar Tymbarku edycja XVII. W\u0142a\u015bnie rozpocz\u0119\u0142y si\u0119 rozgrywki zapraszamy do wspolnego kibicowania. W eliminacjach gminnych udzia\u0142 wzi\u0119\u0142y trzy szko\u0142y Karlino, Daszewo oraz Kar\u015bcino. Po zaci\u0119tej [&hellip;]<\/p>\n","protected":false},"author":8,"featured_media":0,"comment_status":"closed","ping_status":"closed","sticky":false,"template":"","format":"standard","meta":{"footnotes":""},"categories":[],"tags":[],"class_list":["post-4229","post","type-post","status-publish","format-standard","hentry"],"blocksy_meta":{"styles_descriptor":{"styles":{"desktop":"","tablet":"","mobile":""},"google_fonts":[],"version":6}},"featured_image_urls_v2":{"full":"","thumbnail":"","medium":"","medium_large":"","large":"","1536x1536":"","2048x2048":""},"post_excerpt_stackable_v2":"<p>Z podw\u00f3rka na stadion o puchar Tymbarku edycja XVII. W\u0142a\u015bnie rozpocz\u0119\u0142y si\u0119 rozgrywki zapraszamy do wspolnego kibicowania. W eliminacjach gminnych udzia\u0142 wzi\u0119\u0142y trzy szko\u0142y Karlino, Daszewo oraz Kar\u015bcino. Po zaci\u0119tej walce w jutrzejszych eliminacjach powiatowych w Bia\u0142ogardzie nasz\u0105 Gmin\u0119 reprezentowa\u0107 b\u0119d\u0105 w grupie dziewcz\u0105t dro\u017cyna SP Kar\u015bcino oraz w grupie ch\u0142opc\u00f3w dru\u017cyny SP Karlino<\/p>\n","category_list_v2":"Bez kategorii","author_info_v2":{"name":"","url":"https:\/\/sport.karlino.pl\/author\/"},"comments_num_v2":"0 comments","_links":{"self":[{"href":"https:\/\/sport.karlino.pl\/index.php\/wp-json\/wp\/v2\/posts\/4229","targetHints":{"allow":["GET"]}}],"collection":[{"href":"https:\/\/sport.karlino.pl\/index.php\/wp-json\/wp\/v2\/posts"}],"about":[{"href":"https:\/\/sport.karlino.pl\/index.php\/wp-json\/wp\/v2\/types\/post"}],"author":[{"embeddable":true,"href":"https:\/\/sport.karlino.pl\/index.php\/wp-json\/wp\/v2\/users\/8"}],"replies":[{"embeddable":true,"href":"https:\/\/sport.karlino.pl\/index.php\/wp-json\/wp\/v2\/comments?post=4229"}],"version-history":[{"count":0,"href":"https:\/\/sport.karlino.pl\/index.php\/wp-json\/wp\/v2\/posts\/4229\/revisions"}],"wp:attachment":[{"href":"https:\/\/sport.karlino.pl\/index.php\/wp-json\/wp\/v2\/media?parent=4229"}],"wp:term":[{"taxonomy":"category","embeddable":true,"href":"https:\/\/sport.karlino.pl\/index.php\/wp-json\/wp\/v2\/categories?post=4229"},{"taxonomy":"post_tag","embeddable":true,"href":"https:\/\/sport.karlino.pl\/index.php\/wp-json\/wp\/v2\/tags?post=4229"}],"curies":[{"name":"wp","href":"https:\/\/api.w.org\/{rel}","templated":true}]}}