{"id":4558,"date":"2017-03-26T13:09:04","date_gmt":"2017-03-26T11:09:04","guid":{"rendered":"http:\/\/www.sport.karlino.pl\/?p=4558"},"modified":"2017-03-26T13:09:04","modified_gmt":"2017-03-26T11:09:04","slug":"final-ligii-ministrantow","status":"publish","type":"post","link":"https:\/\/sport.karlino.pl\/index.php\/2017\/03\/26\/final-ligii-ministrantow\/","title":{"rendered":"Fina\u0142 Ligii Ministrant\u00f3w"},"content":{"rendered":"<div id=\"js_125\" class=\"_5pbx userContent\" data-ft=\"{&quot;tn&quot;:&quot;K&quot;}\">\n<p>Po raz drugi fina\u0142 Diecezjalnej Ligii Ministrant\u00f3w odby\u0142 si\u0119 w HOMANIT ARENA<\/p>\n<p>&nbsp;<\/p>\n<\/div>\n<div class=\"_3x-2\">\n<div data-ft=\"{&quot;tn&quot;:&quot;H&quot;}\">\u00a0<img decoding=\"async\" src=\"https:\/\/scontent.fwaw3-1.fna.fbcdn.net\/v\/t1.0-9\/17458299_1185023968286085_1344905305260675615_n.jpg?oh=40ef7f6f2ab06b3adbf604a2d6dcd45c&amp;oe=595D5E2D\" alt=\"Zdj\u0119cie u\u017cytkownika Parafia pod wezwaniem \u015bw. Micha\u0142a Archanio\u0142a w Karlinie.\" \/><img decoding=\"async\" src=\"https:\/\/scontent.fwaw3-1.fna.fbcdn.net\/v\/t1.0-9\/17458210_1185024371619378_7612045708769929967_n.jpg?oh=491e0b79de4f787c3fc6812e9ed77e5c&amp;oe=596B6BC3\" alt=\"Zdj\u0119cie u\u017cytkownika Parafia pod wezwaniem \u015bw. Micha\u0142a Archanio\u0142a w Karlinie.\" \/><img decoding=\"async\" src=\"https:\/\/scontent.fwaw3-1.fna.fbcdn.net\/v\/t1.0-9\/17499009_1185024368286045_8439103253503608778_n.jpg?oh=dc210766b3fd0da49a12876b9452a125&amp;oe=595FF56C\" alt=\"Zdj\u0119cie u\u017cytkownika Parafia pod wezwaniem \u015bw. Micha\u0142a Archanio\u0142a w Karlinie.\" \/><img decoding=\"async\" src=\"https:\/\/scontent.fwaw3-1.fna.fbcdn.net\/v\/t1.0-9\/17499414_1185024274952721_4505809752027491532_n.jpg?oh=0a0220159b0b52e0150de060fcec75a3&amp;oe=594F68F3\" alt=\"Zdj\u0119cie u\u017cytkownika Parafia pod wezwaniem \u015bw. Micha\u0142a Archanio\u0142a w Karlinie.\" \/><img decoding=\"async\" src=\"https:\/\/scontent.fwaw3-1.fna.fbcdn.net\/v\/t1.0-9\/17498835_1185024184952730_2278273877977203148_n.jpg?oh=5b7ce8433f5c7e4ce1384f007ac8063a&amp;oe=5963F7E7\" alt=\"Zdj\u0119cie u\u017cytkownika Parafia pod wezwaniem \u015bw. Micha\u0142a Archanio\u0142a w Karlinie.\" \/><img decoding=\"async\" src=\"https:\/\/scontent.fwaw3-1.fna.fbcdn.net\/v\/t1.0-9\/17458198_1185024214952727_7803004151713462010_n.jpg?oh=7875fb15791587fe45e26aac260c0cab&amp;oe=596BC576\" alt=\"Zdj\u0119cie u\u017cytkownika Parafia pod wezwaniem \u015bw. Micha\u0142a Archanio\u0142a w Karlinie.\" \/><img decoding=\"async\" src=\"https:\/\/scontent.fwaw3-1.fna.fbcdn.net\/v\/t1.0-9\/17522805_1185024134952735_2086335884528499818_n.jpg?oh=8e3951cc6a086b21d71810ef0eb01e46&amp;oe=597068B0\" alt=\"Zdj\u0119cie u\u017cytkownika Parafia pod wezwaniem \u015bw. Micha\u0142a Archanio\u0142a w Karlinie.\" \/><img decoding=\"async\" src=\"https:\/\/scontent.fwaw3-1.fna.fbcdn.net\/v\/t1.0-9\/17458299_1185024114952737_763125356562564007_n.jpg?oh=4aeea7f4d2f96b3ffb868fc11318e4c2&amp;oe=594FE9F0\" alt=\"Zdj\u0119cie u\u017cytkownika Parafia pod wezwaniem \u015bw. Micha\u0142a Archanio\u0142a w Karlinie.\" \/><img decoding=\"async\" src=\"https:\/\/scontent.fwaw3-1.fna.fbcdn.net\/v\/t1.0-9\/17498497_1185024038286078_3595223472700438241_n.jpg?oh=2ac715475a4260f73289827109b39d4f&amp;oe=596F92A2\" alt=\"Zdj\u0119cie u\u017cytkownika Parafia pod wezwaniem \u015bw. Micha\u0142a Archanio\u0142a w Karlinie.\" \/><img decoding=\"async\" src=\"https:\/\/scontent.fwaw3-1.fna.fbcdn.net\/v\/t1.0-9\/17458435_1185024028286079_4794043978600042114_n.jpg?oh=4faafdf55fbf365c5a12e5043f59d406&amp;oe=5963CE6D\" alt=\"Zdj\u0119cie u\u017cytkownika Parafia pod wezwaniem \u015bw. Micha\u0142a Archanio\u0142a w Karlinie.\" \/><img decoding=\"async\" src=\"https:\/\/scontent.fwaw3-1.fna.fbcdn.net\/v\/t1.0-9\/17499327_1185023964952752_9206023597878010487_n.jpg?oh=f238338bca19719531bb72862264294f&amp;oe=596133FD\" alt=\"Zdj\u0119cie u\u017cytkownika Parafia pod wezwaniem \u015bw. Micha\u0142a Archanio\u0142a w Karlinie.\" \/><img decoding=\"async\" src=\"https:\/\/scontent.fwaw3-1.fna.fbcdn.net\/v\/t1.0-9\/17426251_1185023974952751_1696456236008868558_n.jpg?oh=348c3ff53c3eefd4df32bdbde9075897&amp;oe=595E4D35\" alt=\"Zdj\u0119cie u\u017cytkownika Parafia pod wezwaniem \u015bw. Micha\u0142a Archanio\u0142a w Karlinie.\" \/><\/div>\n<div><\/div>\n<\/div>\n","protected":false},"excerpt":{"rendered":"<p>Po raz drugi fina\u0142 Diecezjalnej Ligii Ministrant\u00f3w odby\u0142 si\u0119 w HOMANIT ARENA &nbsp; \u00a0<\/p>\n","protected":false},"author":8,"featured_media":0,"comment_status":"closed","ping_status":"closed","sticky":false,"template":"","format":"standard","meta":{"footnotes":""},"categories":[],"tags":[],"class_list":["post-4558","post","type-post","status-publish","format-standard","hentry"],"blocksy_meta":{"styles_descriptor":{"styles":{"desktop":"","tablet":"","mobile":""},"google_fonts":[],"version":6}},"featured_image_urls_v2":{"full":"","thumbnail":"","medium":"","medium_large":"","large":"","1536x1536":"","2048x2048":""},"post_excerpt_stackable_v2":"<p>Po raz drugi fina\u0142 Diecezjalnej Ligii Ministrant\u00f3w odby\u0142 si\u0119 w HOMANIT ARENA &nbsp; \u00a0<\/p>\n","category_list_v2":"Bez kategorii","author_info_v2":{"name":"","url":"https:\/\/sport.karlino.pl\/author\/"},"comments_num_v2":"0 comments","_links":{"self":[{"href":"https:\/\/sport.karlino.pl\/index.php\/wp-json\/wp\/v2\/posts\/4558","targetHints":{"allow":["GET"]}}],"collection":[{"href":"https:\/\/sport.karlino.pl\/index.php\/wp-json\/wp\/v2\/posts"}],"about":[{"href":"https:\/\/sport.karlino.pl\/index.php\/wp-json\/wp\/v2\/types\/post"}],"author":[{"embeddable":true,"href":"https:\/\/sport.karlino.pl\/index.php\/wp-json\/wp\/v2\/users\/8"}],"replies":[{"embeddable":true,"href":"https:\/\/sport.karlino.pl\/index.php\/wp-json\/wp\/v2\/comments?post=4558"}],"version-history":[{"count":0,"href":"https:\/\/sport.karlino.pl\/index.php\/wp-json\/wp\/v2\/posts\/4558\/revisions"}],"wp:attachment":[{"href":"https:\/\/sport.karlino.pl\/index.php\/wp-json\/wp\/v2\/media?parent=4558"}],"wp:term":[{"taxonomy":"category","embeddable":true,"href":"https:\/\/sport.karlino.pl\/index.php\/wp-json\/wp\/v2\/categories?post=4558"},{"taxonomy":"post_tag","embeddable":true,"href":"https:\/\/sport.karlino.pl\/index.php\/wp-json\/wp\/v2\/tags?post=4558"}],"curies":[{"name":"wp","href":"https:\/\/api.w.org\/{rel}","templated":true}]}}