{"id":459,"date":"2015-08-31T09:30:42","date_gmt":"2015-08-31T07:30:42","guid":{"rendered":"http:\/\/www.sport.karlino.pl\/?p=459"},"modified":"2015-09-08T12:27:05","modified_gmt":"2015-09-08T10:27:05","slug":"mistrz-swiata-w-boksie-zawodowym-krzysztof-glowacki-w-karlinie","status":"publish","type":"post","link":"https:\/\/sport.karlino.pl\/index.php\/2015\/08\/31\/mistrz-swiata-w-boksie-zawodowym-krzysztof-glowacki-w-karlinie\/","title":{"rendered":"Mistrz \u015awiata w Boksie Zawodowym Krzysztof G\u0142owacki w Karlinie."},"content":{"rendered":"<p>Mieszka\u0144cy Karlina nied\u0142uga zaczn\u0105 si\u0119 przyzwyczaja\u0107 do witania Mistrz\u00f3w w naszym mie\u015bcie. W czwartek 27.08.2015 roku do naszego miasta zawita\u0142 Aktualny Mistrz \u015awiata Wagi Junior Ci\u0119\u017ckiej w Boksie Zawodowym WBO &#8211; Krzysztof G\u0142owacki. Po spotkaniu w Urz\u0119dzie Miejskim odwiedzi\u0142 now\u0105 hal\u0119 sportow\u0105 &#8211; Homanit Arena, sk\u0105d pojecha\u0142 na ma\u0142\u0105 hal\u0119 sportow\u0105 na spotkanie z zawodnikami R\u00f3\u017cy Karlino i MLUKS Karlino. Stamt\u0105d w konwoju Bractwa Motocyklowego \u017belazny przyjecha\u0142 na Przysta\u0144 Kajakow\u0105 gdzie przewodniczy\u0142 Jury podczas I Mistrzostw Gminy Karlino w CrossRose.<br \/>\nNie wiadomo czy to osoba Mistrza czy zapa\u0142 i pasja trenera Tomasza R\u00f3\u017ca\u0144skiego zgromadzi\u0142a na przystani istne t\u0142umy. W zawodach brali udzia\u0142 wszyscy. Pocz\u0105wszy od kilku letnich dziewczynek na silnych m\u0119\u017cczyznach sko\u0144czywszy.<\/p>\n<div id='gallery-1' class='gallery galleryid-459 gallery-columns-3 gallery-size-thumbnail'><figure class='gallery-item'>\n\t\t\t<div class='gallery-icon '>\n\t\t\t\t<a href='https:\/\/sport.karlino.pl\/index.php\/2015\/08\/31\/mistrz-swiata-w-boksie-zawodowym-krzysztof-glowacki-w-karlinie\/_dsc0108\/'>_DSC0108<\/a>\n\t\t\t<\/div><\/figure><figure class='gallery-item'>\n\t\t\t<div class='gallery-icon '>\n\t\t\t\t<a href='https:\/\/sport.karlino.pl\/index.php\/2015\/08\/31\/mistrz-swiata-w-boksie-zawodowym-krzysztof-glowacki-w-karlinie\/_dsc0100\/'>_DSC0100<\/a>\n\t\t\t<\/div><\/figure><figure class='gallery-item'>\n\t\t\t<div class='gallery-icon '>\n\t\t\t\t<a href='https:\/\/sport.karlino.pl\/index.php\/2015\/08\/31\/mistrz-swiata-w-boksie-zawodowym-krzysztof-glowacki-w-karlinie\/_dsc0095\/'>_DSC0095<\/a>\n\t\t\t<\/div><\/figure><figure class='gallery-item'>\n\t\t\t<div class='gallery-icon '>\n\t\t\t\t<a href='https:\/\/sport.karlino.pl\/index.php\/2015\/08\/31\/mistrz-swiata-w-boksie-zawodowym-krzysztof-glowacki-w-karlinie\/_dsc0091\/'>_DSC0091<\/a>\n\t\t\t<\/div><\/figure><figure class='gallery-item'>\n\t\t\t<div class='gallery-icon '>\n\t\t\t\t<a href='https:\/\/sport.karlino.pl\/index.php\/2015\/08\/31\/mistrz-swiata-w-boksie-zawodowym-krzysztof-glowacki-w-karlinie\/_dsc0083\/'>_DSC0083<\/a>\n\t\t\t<\/div><\/figure><figure class='gallery-item'>\n\t\t\t<div class='gallery-icon '>\n\t\t\t\t<a href='https:\/\/sport.karlino.pl\/index.php\/2015\/08\/31\/mistrz-swiata-w-boksie-zawodowym-krzysztof-glowacki-w-karlinie\/_dsc0120\/'>_DSC0120<\/a>\n\t\t\t<\/div><\/figure><figure class='gallery-item'>\n\t\t\t<div class='gallery-icon '>\n\t\t\t\t<a href='https:\/\/sport.karlino.pl\/index.php\/2015\/08\/31\/mistrz-swiata-w-boksie-zawodowym-krzysztof-glowacki-w-karlinie\/_dsc0113\/'>_DSC0113<\/a>\n\t\t\t<\/div><\/figure><figure class='gallery-item'>\n\t\t\t<div class='gallery-icon '>\n\t\t\t\t<a href='https:\/\/sport.karlino.pl\/index.php\/2015\/08\/31\/mistrz-swiata-w-boksie-zawodowym-krzysztof-glowacki-w-karlinie\/_dsc0106\/'>_DSC0106<\/a>\n\t\t\t<\/div><\/figure><figure class='gallery-item'>\n\t\t\t<div class='gallery-icon '>\n\t\t\t\t<a href='https:\/\/sport.karlino.pl\/index.php\/2015\/08\/31\/mistrz-swiata-w-boksie-zawodowym-krzysztof-glowacki-w-karlinie\/_dsc0103\/'>_DSC0103<\/a>\n\t\t\t<\/div><\/figure><figure class='gallery-item'>\n\t\t\t<div class='gallery-icon '>\n\t\t\t\t<a href='https:\/\/sport.karlino.pl\/index.php\/2015\/08\/31\/mistrz-swiata-w-boksie-zawodowym-krzysztof-glowacki-w-karlinie\/_dsc0094\/'>_DSC0094<\/a>\n\t\t\t<\/div><\/figure><figure class='gallery-item'>\n\t\t\t<div class='gallery-icon '>\n\t\t\t\t<a href='https:\/\/sport.karlino.pl\/index.php\/2015\/08\/31\/mistrz-swiata-w-boksie-zawodowym-krzysztof-glowacki-w-karlinie\/_dsc0093\/'>_DSC0093<\/a>\n\t\t\t<\/div><\/figure><figure class='gallery-item'>\n\t\t\t<div class='gallery-icon '>\n\t\t\t\t<a href='https:\/\/sport.karlino.pl\/index.php\/2015\/08\/31\/mistrz-swiata-w-boksie-zawodowym-krzysztof-glowacki-w-karlinie\/_dsc0089\/'>_DSC0089<\/a>\n\t\t\t<\/div><\/figure><figure class='gallery-item'>\n\t\t\t<div class='gallery-icon '>\n\t\t\t\t<a href='https:\/\/sport.karlino.pl\/index.php\/2015\/08\/31\/mistrz-swiata-w-boksie-zawodowym-krzysztof-glowacki-w-karlinie\/_dsc0072\/'>_DSC0072<\/a>\n\t\t\t<\/div><\/figure><figure class='gallery-item'>\n\t\t\t<div class='gallery-icon '>\n\t\t\t\t<a href='https:\/\/sport.karlino.pl\/index.php\/2015\/08\/31\/mistrz-swiata-w-boksie-zawodowym-krzysztof-glowacki-w-karlinie\/_dsc0068\/'>_DSC0068<\/a>\n\t\t\t<\/div><\/figure><figure class='gallery-item'>\n\t\t\t<div class='gallery-icon '>\n\t\t\t\t<a href='https:\/\/sport.karlino.pl\/index.php\/2015\/08\/31\/mistrz-swiata-w-boksie-zawodowym-krzysztof-glowacki-w-karlinie\/_dsc0063-2\/'>_DSC0063<\/a>\n\t\t\t<\/div><\/figure><figure class='gallery-item'>\n\t\t\t<div class='gallery-icon '>\n\t\t\t\t<a href='https:\/\/sport.karlino.pl\/index.php\/2015\/08\/31\/mistrz-swiata-w-boksie-zawodowym-krzysztof-glowacki-w-karlinie\/_dsc0056-3\/'>_DSC0056<\/a>\n\t\t\t<\/div><\/figure><figure class='gallery-item'>\n\t\t\t<div class='gallery-icon '>\n\t\t\t\t<a href='https:\/\/sport.karlino.pl\/index.php\/2015\/08\/31\/mistrz-swiata-w-boksie-zawodowym-krzysztof-glowacki-w-karlinie\/_dsc0053-3\/'>_DSC0053<\/a>\n\t\t\t<\/div><\/figure><figure class='gallery-item'>\n\t\t\t<div class='gallery-icon '>\n\t\t\t\t<a href='https:\/\/sport.karlino.pl\/index.php\/2015\/08\/31\/mistrz-swiata-w-boksie-zawodowym-krzysztof-glowacki-w-karlinie\/_dsc0046\/'>_DSC0046<\/a>\n\t\t\t<\/div><\/figure><figure class='gallery-item'>\n\t\t\t<div class='gallery-icon '>\n\t\t\t\t<a href='https:\/\/sport.karlino.pl\/index.php\/2015\/08\/31\/mistrz-swiata-w-boksie-zawodowym-krzysztof-glowacki-w-karlinie\/_dsc0027-4\/'>_DSC0027<\/a>\n\t\t\t<\/div><\/figure><figure class='gallery-item'>\n\t\t\t<div class='gallery-icon '>\n\t\t\t\t<a href='https:\/\/sport.karlino.pl\/index.php\/2015\/08\/31\/mistrz-swiata-w-boksie-zawodowym-krzysztof-glowacki-w-karlinie\/_dsc0017\/'>_DSC0017<\/a>\n\t\t\t<\/div><\/figure>\n\t\t<\/div>\n\n","protected":false},"excerpt":{"rendered":"<p>Mieszka\u0144cy Karlina nied\u0142uga zaczn\u0105 si\u0119 przyzwyczaja\u0107 do witania Mistrz\u00f3w w naszym mie\u015bcie. W czwartek 27.08.2015 roku do naszego miasta zawita\u0142 Aktualny Mistrz \u015awiata Wagi Junior Ci\u0119\u017ckiej w Boksie Zawodowym WBO [&hellip;]<\/p>\n","protected":false},"author":8,"featured_media":0,"comment_status":"closed","ping_status":"closed","sticky":false,"template":"","format":"standard","meta":{"footnotes":""},"categories":[],"tags":[],"class_list":["post-459","post","type-post","status-publish","format-standard","hentry"],"blocksy_meta":{"styles_descriptor":{"styles":{"desktop":"","tablet":"","mobile":""},"google_fonts":[],"version":6}},"featured_image_urls_v2":{"full":"","thumbnail":"","medium":"","medium_large":"","large":"","1536x1536":"","2048x2048":""},"post_excerpt_stackable_v2":"<p>Mieszka\u0144cy Karlina nied\u0142uga zaczn\u0105 si\u0119 przyzwyczaja\u0107 do witania Mistrz\u00f3w w naszym mie\u015bcie. W czwartek 27.08.2015 roku do naszego miasta zawita\u0142 Aktualny Mistrz \u015awiata Wagi Junior Ci\u0119\u017ckiej w Boksie Zawodowym WBO &#8211; Krzysztof G\u0142owacki. Po spotkaniu w Urz\u0119dzie Miejskim odwiedzi\u0142 now\u0105 hal\u0119 sportow\u0105 &#8211; Homanit Arena, sk\u0105d pojecha\u0142 na ma\u0142\u0105 hal\u0119 sportow\u0105 na spotkanie z zawodnikami R\u00f3\u017cy Karlino i MLUKS Karlino. Stamt\u0105d w konwoju Bractwa Motocyklowego \u017belazny przyjecha\u0142 na Przysta\u0144 Kajakow\u0105 gdzie przewodniczy\u0142 Jury podczas I Mistrzostw Gminy Karlino w CrossRose. Nie wiadomo czy to osoba Mistrza czy zapa\u0142 i pasja trenera Tomasza R\u00f3\u017ca\u0144skiego zgromadzi\u0142a na przystani istne t\u0142umy. W zawodach&hellip;<\/p>\n","category_list_v2":"Bez kategorii","author_info_v2":{"name":"","url":"https:\/\/sport.karlino.pl\/author\/"},"comments_num_v2":"0 comments","_links":{"self":[{"href":"https:\/\/sport.karlino.pl\/index.php\/wp-json\/wp\/v2\/posts\/459","targetHints":{"allow":["GET"]}}],"collection":[{"href":"https:\/\/sport.karlino.pl\/index.php\/wp-json\/wp\/v2\/posts"}],"about":[{"href":"https:\/\/sport.karlino.pl\/index.php\/wp-json\/wp\/v2\/types\/post"}],"author":[{"embeddable":true,"href":"https:\/\/sport.karlino.pl\/index.php\/wp-json\/wp\/v2\/users\/8"}],"replies":[{"embeddable":true,"href":"https:\/\/sport.karlino.pl\/index.php\/wp-json\/wp\/v2\/comments?post=459"}],"version-history":[{"count":0,"href":"https:\/\/sport.karlino.pl\/index.php\/wp-json\/wp\/v2\/posts\/459\/revisions"}],"wp:attachment":[{"href":"https:\/\/sport.karlino.pl\/index.php\/wp-json\/wp\/v2\/media?parent=459"}],"wp:term":[{"taxonomy":"category","embeddable":true,"href":"https:\/\/sport.karlino.pl\/index.php\/wp-json\/wp\/v2\/categories?post=459"},{"taxonomy":"post_tag","embeddable":true,"href":"https:\/\/sport.karlino.pl\/index.php\/wp-json\/wp\/v2\/tags?post=459"}],"curies":[{"name":"wp","href":"https:\/\/api.w.org\/{rel}","templated":true}]}}