{"id":4866,"date":"2017-05-08T07:11:16","date_gmt":"2017-05-08T05:11:16","guid":{"rendered":"http:\/\/www.sport.karlino.pl\/?p=4866"},"modified":"2017-05-08T07:11:16","modified_gmt":"2017-05-08T05:11:16","slug":"eko-kajakarze","status":"publish","type":"post","link":"https:\/\/sport.karlino.pl\/index.php\/2017\/05\/08\/eko-kajakarze\/","title":{"rendered":"EKO KAJAKARZE"},"content":{"rendered":"<p>Za nami pierwszy dzie\u0144 sprz\u0105tania rzek. Dzisiaj kajakarze pokonali Radew na odcinku Nosowo &#8211; Karlino. Niestety, tak jak spodziewali si\u0119 kajakarze &#8211; wolontariusze, nie by\u0142 to sp\u0142yw, pracy przy zbieraniu \u015bmieci mieli sporo. \u015awiadczy o tym sterta work\u00f3w pe\u0142nych \u015bmieci, wype\u0142nionych szklanymi i plastikowymi butelkami, jednoraz\u00f3wkami, styropianem, elementami garderoby, znalaz\u0142y si\u0119 r\u00f3wnie\u017c wiadra, skrzynki na piwo i inne.<\/p>\n<p>Na szcz\u0119\u015bcie pogoda nam sprzyja\u0142a! do samego ko\u0144ca, czyli wsp\u00f3lnego ogniska, podczas kt\u00f3rego mo\u017cna by\u0142o podzieli\u0107 si\u0119 wra\u017ceniami, wspomnieniami z poprzednich dziewi\u0119ciu edycji oraz posnu\u0107 plany na jutrzejszy etap, tj. rzek\u0105 Pars\u0119t\u0105.<\/p>\n<p><img decoding=\"async\" src=\"https:\/\/scontent-amt2-1.xx.fbcdn.net\/v\/t31.0-8\/18318964_1375427685888001_2079217194319882380_o.jpg?oh=57683403f209f671d5690d083d6300b0&amp;oe=597B6513\" alt=\"Zdj\u0119cie u\u017cytkownika Regionalne Centrum Turystyki i Sportu w Karlinie.\" \/><\/p>\n<p>&nbsp;<\/p>\n<p>&nbsp;<\/p>\n<p><img decoding=\"async\" src=\"https:\/\/scontent-amt2-1.xx.fbcdn.net\/v\/t31.0-8\/18238825_1375427679221335_6871471321482234483_o.jpg?oh=a965968ec16cca70bc0a7dedebd323b4&amp;oe=598689B5\" alt=\"Zdj\u0119cie u\u017cytkownika Regionalne Centrum Turystyki i Sportu w Karlinie.\" \/><img decoding=\"async\" src=\"https:\/\/scontent-amt2-1.xx.fbcdn.net\/v\/t31.0-8\/18278819_1375427282554708_4082855943682819175_o.jpg?oh=da19a965af0ec5b8fddd1d7380d3c5eb&amp;oe=59B9BC52\" alt=\"Zdj\u0119cie u\u017cytkownika Regionalne Centrum Turystyki i Sportu w Karlinie.\" \/><\/p>\n","protected":false},"excerpt":{"rendered":"<p>Za nami pierwszy dzie\u0144 sprz\u0105tania rzek. Dzisiaj kajakarze pokonali Radew na odcinku Nosowo &#8211; Karlino. Niestety, tak jak spodziewali si\u0119 kajakarze &#8211; wolontariusze, nie by\u0142 to sp\u0142yw, pracy przy zbieraniu [&hellip;]<\/p>\n","protected":false},"author":8,"featured_media":0,"comment_status":"closed","ping_status":"closed","sticky":false,"template":"","format":"standard","meta":{"footnotes":""},"categories":[],"tags":[],"class_list":["post-4866","post","type-post","status-publish","format-standard","hentry"],"blocksy_meta":{"styles_descriptor":{"styles":{"desktop":"","tablet":"","mobile":""},"google_fonts":[],"version":6}},"featured_image_urls_v2":{"full":"","thumbnail":"","medium":"","medium_large":"","large":"","1536x1536":"","2048x2048":""},"post_excerpt_stackable_v2":"<p>Za nami pierwszy dzie\u0144 sprz\u0105tania rzek. Dzisiaj kajakarze pokonali Radew na odcinku Nosowo &#8211; Karlino. Niestety, tak jak spodziewali si\u0119 kajakarze &#8211; wolontariusze, nie by\u0142 to sp\u0142yw, pracy przy zbieraniu \u015bmieci mieli sporo. \u015awiadczy o tym sterta work\u00f3w pe\u0142nych \u015bmieci, wype\u0142nionych szklanymi i plastikowymi butelkami, jednoraz\u00f3wkami, styropianem, elementami garderoby, znalaz\u0142y si\u0119 r\u00f3wnie\u017c wiadra, skrzynki na piwo i inne. Na szcz\u0119\u015bcie pogoda nam sprzyja\u0142a! do samego ko\u0144ca, czyli wsp\u00f3lnego ogniska, podczas kt\u00f3rego mo\u017cna by\u0142o podzieli\u0107 si\u0119 wra\u017ceniami, wspomnieniami z poprzednich dziewi\u0119ciu edycji oraz posnu\u0107 plany na jutrzejszy etap, tj. rzek\u0105 Pars\u0119t\u0105. &nbsp; &nbsp;<\/p>\n","category_list_v2":"Bez kategorii","author_info_v2":{"name":"","url":"https:\/\/sport.karlino.pl\/author\/"},"comments_num_v2":"0 comments","_links":{"self":[{"href":"https:\/\/sport.karlino.pl\/index.php\/wp-json\/wp\/v2\/posts\/4866","targetHints":{"allow":["GET"]}}],"collection":[{"href":"https:\/\/sport.karlino.pl\/index.php\/wp-json\/wp\/v2\/posts"}],"about":[{"href":"https:\/\/sport.karlino.pl\/index.php\/wp-json\/wp\/v2\/types\/post"}],"author":[{"embeddable":true,"href":"https:\/\/sport.karlino.pl\/index.php\/wp-json\/wp\/v2\/users\/8"}],"replies":[{"embeddable":true,"href":"https:\/\/sport.karlino.pl\/index.php\/wp-json\/wp\/v2\/comments?post=4866"}],"version-history":[{"count":0,"href":"https:\/\/sport.karlino.pl\/index.php\/wp-json\/wp\/v2\/posts\/4866\/revisions"}],"wp:attachment":[{"href":"https:\/\/sport.karlino.pl\/index.php\/wp-json\/wp\/v2\/media?parent=4866"}],"wp:term":[{"taxonomy":"category","embeddable":true,"href":"https:\/\/sport.karlino.pl\/index.php\/wp-json\/wp\/v2\/categories?post=4866"},{"taxonomy":"post_tag","embeddable":true,"href":"https:\/\/sport.karlino.pl\/index.php\/wp-json\/wp\/v2\/tags?post=4866"}],"curies":[{"name":"wp","href":"https:\/\/api.w.org\/{rel}","templated":true}]}}