{"id":5261,"date":"2017-06-13T13:55:34","date_gmt":"2017-06-13T11:55:34","guid":{"rendered":"http:\/\/www.sport.karlino.pl\/?p=5261"},"modified":"2017-06-13T13:55:34","modified_gmt":"2017-06-13T11:55:34","slug":"jubileuszowy-xxv-bieg-papieski-im-sw-jana-pawla-ii","status":"publish","type":"post","link":"https:\/\/sport.karlino.pl\/index.php\/2017\/06\/13\/jubileuszowy-xxv-bieg-papieski-im-sw-jana-pawla-ii\/","title":{"rendered":"Jubileuszowy &#8211; XXV Bieg Papieski im. \u015bw. Jana Paw\u0142a II"},"content":{"rendered":"<p><strong>250 uczestnik\u00f3w biegu g\u0142\u00f3wnego i blisko 800 dzieci i m\u0142odzie\u017cy bior\u0105cych udzia\u0142 w biegach integracyjnych \u2013 tylu biegaczy rywalizowa\u0142o podczas jubileuszowej edycji XXV Biegu Papieskiego im. \u015bw. Jana Paw\u0142a II w Karlinie.<\/strong><\/p>\n<p>11 czerwca 2017 roku na starcie spotkali si\u0119 zar\u00f3wno biegacze zawodowi jak i amatorzy, dzieci, m\u0142odzie\u017c, doro\u015bli a nawet seniorzy, kt\u00f3rzy po raz pierwszy pobiegli na dystansie 200m.<\/p>\n<p>Bez wzgl\u0119du na wiek, p\u0142e\u0107, czy status spo\u0142eczny wszystkich \u0142\u0105czy\u0142o jedno \u2013 wsp\u00f3lna pasja i zami\u0142owanie do biegania.<\/p>\n<p>Imprez\u0119 tradycyjnie rozpocz\u0105\u0142 przemarsz karli\u0144skiej orkiestry d\u0119tej i wsp\u00f3lne od\u015bpiewanie \u201eBarki\u201d.<\/p>\n<p><img decoding=\"async\" src=\"http:\/\/karlino.pl\/portal_2013\/karlino\/web\/uploads\/pub\/news\/news_7729\/text\/1.JPG\" alt=\"\" \/><\/p>\n<p>Nast\u0119pnie odby\u0142y si\u0119 biegi integracyjne, kt\u00f3re rozpocz\u0119\u0142y najm\u0142odsze dzieci \u2013 przedszkolaki z rocznika 2010-2014.<\/p>\n<p>Na dystansie 100 m (rocznik 2014) najlepiej pobiegli:<\/p>\n<p>1. Micha\u0142 \u0141epecki\u00a0\u00a0\u00a0\u00a0\u00a0\u00a0\u00a0\u00a0\u00a0\u00a0\u00a0\u00a0\u00a0\u00a0\u00a0\u00a0 1. Nikola S\u0142awi\u0144ska<\/p>\n<p>2. Wojciech D\u0119bek\u00a0\u00a0\u00a0\u00a0\u00a0\u00a0\u00a0\u00a0 \u00a0\u00a0\u00a0\u00a0\u00a0 2. Lena Rodak<\/p>\n<p>3. Igor Mrozek\u00a0\u00a0\u00a0\u00a0\u00a0\u00a0\u00a0\u00a0\u00a0\u00a0\u00a0\u00a0\u00a0\u00a0\u00a0\u00a0\u00a0 \u00a0\u00a0\u00a0 3. Hanna W\u0142odarczyk<\/p>\n<p>4. Gustaw Kiedrowski\u00a0\u00a0 \u00a0\u00a0\u00a0\u00a0\u00a0\u00a0\u00a0 4. Pola Ko\u0142odziej<\/p>\n<p>5. Sebastian Soroka\u00a0\u00a0\u00a0\u00a0\u00a0\u00a0\u00a0 \u00a0\u00a0\u00a0\u00a0 5. Patrycja S\u0119dzik<\/p>\n<p>6. Jan Witczak\u00a0\u00a0\u00a0\u00a0\u00a0\u00a0\u00a0\u00a0\u00a0\u00a0\u00a0\u00a0\u00a0\u00a0\u00a0\u00a0\u00a0\u00a0\u00a0\u00a0 6. Iwona Przytu\u0142a<\/p>\n<p><img decoding=\"async\" src=\"http:\/\/karlino.pl\/portal_2013\/karlino\/web\/uploads\/pub\/news\/news_7729\/text\/2.JPG\" alt=\"\" \/><\/p>\n<p>&nbsp;<\/p>\n<p><img decoding=\"async\" src=\"http:\/\/karlino.pl\/portal_2013\/karlino\/web\/uploads\/pub\/news\/news_7729\/text\/12.JPG\" alt=\"\" \/><\/p>\n<p>Taki sam dystans \u2013 100 m mia\u0142y do pokonania dzieci z rocznika 2012-2013. Tu najlepsi byli:<\/p>\n<p>1. J\u0119drzej Witczak 1. Julia Regi\u0144ska<\/p>\n<p>2. Bartosz \u017bo\u0142nierczuk 2. Natalia Nowicka<\/p>\n<p>3. Kuba Sewastynowicz 3. Zuzanna Andruszko<\/p>\n<p>4. Krzysztof Filipowicz 4. Antonina Witkiewicz<\/p>\n<p>5. Bartek Boniewicz 5. Jagoda Wi\u015bniewska<\/p>\n<p>6. Filip Sawicki 6. Barbara Buszka<\/p>\n<p>W\u015br\u00f3d najstarszych przedszkolak\u00f3w z rocznika 2010-2011, biegn\u0105cych na dystansie 150 m najlepsi okazali si\u0119:<\/p>\n<p>1. Szymon Kamerski 1. Karolina Gw\u00f3\u017ad\u017a<\/p>\n<p>2. Bartek Klimkiewicz 2. Ewelina Gw\u00f3\u017ad\u017a<\/p>\n<p>3. Igor Pawlik 3. Kinga Kos<\/p>\n<p>4. Fabian Spolski 4. Gabriela Maria\u0144ska<\/p>\n<p>5. Franciszek Sad\u0142o 5. Alicja Kruszyna<\/p>\n<p>6. Hubert Fedrau 6. Alicja Torcz<\/p>\n<p><img decoding=\"async\" src=\"http:\/\/karlino.pl\/portal_2013\/karlino\/web\/uploads\/pub\/news\/news_7729\/text\/4.JPG\" alt=\"\" \/><\/p>\n<p>WIECEJ INFORMACJI NA STRONIE:<a href=\"http:\/\/karlino.pl\/aktualnosc-7729-jubileuszowy_xxv_bieg_papieski_im_sw.html\" target=\"_blank\" rel=\"noopener\">http:\/\/karlino.pl\/aktualnosc-7729-jubileuszowy_xxv_bieg_papieski_im_sw.html<\/a><\/p>\n","protected":false},"excerpt":{"rendered":"<p>250 uczestnik\u00f3w biegu g\u0142\u00f3wnego i blisko 800 dzieci i m\u0142odzie\u017cy bior\u0105cych udzia\u0142 w biegach integracyjnych \u2013 tylu biegaczy rywalizowa\u0142o podczas jubileuszowej edycji XXV Biegu Papieskiego im. \u015bw. Jana Paw\u0142a II [&hellip;]<\/p>\n","protected":false},"author":8,"featured_media":0,"comment_status":"closed","ping_status":"closed","sticky":false,"template":"","format":"standard","meta":{"footnotes":""},"categories":[],"tags":[],"class_list":["post-5261","post","type-post","status-publish","format-standard","hentry"],"blocksy_meta":{"styles_descriptor":{"styles":{"desktop":"","tablet":"","mobile":""},"google_fonts":[],"version":6}},"featured_image_urls_v2":{"full":"","thumbnail":"","medium":"","medium_large":"","large":"","1536x1536":"","2048x2048":""},"post_excerpt_stackable_v2":"<p>250 uczestnik\u00f3w biegu g\u0142\u00f3wnego i blisko 800 dzieci i m\u0142odzie\u017cy bior\u0105cych udzia\u0142 w biegach integracyjnych \u2013 tylu biegaczy rywalizowa\u0142o podczas jubileuszowej edycji XXV Biegu Papieskiego im. \u015bw. Jana Paw\u0142a II w Karlinie. 11 czerwca 2017 roku na starcie spotkali si\u0119 zar\u00f3wno biegacze zawodowi jak i amatorzy, dzieci, m\u0142odzie\u017c, doro\u015bli a nawet seniorzy, kt\u00f3rzy po raz pierwszy pobiegli na dystansie 200m. Bez wzgl\u0119du na wiek, p\u0142e\u0107, czy status spo\u0142eczny wszystkich \u0142\u0105czy\u0142o jedno \u2013 wsp\u00f3lna pasja i zami\u0142owanie do biegania. Imprez\u0119 tradycyjnie rozpocz\u0105\u0142 przemarsz karli\u0144skiej orkiestry d\u0119tej i wsp\u00f3lne od\u015bpiewanie \u201eBarki\u201d. Nast\u0119pnie odby\u0142y si\u0119 biegi integracyjne, kt\u00f3re rozpocz\u0119\u0142y najm\u0142odsze dzieci \u2013 przedszkolaki&hellip;<\/p>\n","category_list_v2":"Bez kategorii","author_info_v2":{"name":"","url":"https:\/\/sport.karlino.pl\/author\/"},"comments_num_v2":"0 comments","_links":{"self":[{"href":"https:\/\/sport.karlino.pl\/index.php\/wp-json\/wp\/v2\/posts\/5261","targetHints":{"allow":["GET"]}}],"collection":[{"href":"https:\/\/sport.karlino.pl\/index.php\/wp-json\/wp\/v2\/posts"}],"about":[{"href":"https:\/\/sport.karlino.pl\/index.php\/wp-json\/wp\/v2\/types\/post"}],"author":[{"embeddable":true,"href":"https:\/\/sport.karlino.pl\/index.php\/wp-json\/wp\/v2\/users\/8"}],"replies":[{"embeddable":true,"href":"https:\/\/sport.karlino.pl\/index.php\/wp-json\/wp\/v2\/comments?post=5261"}],"version-history":[{"count":0,"href":"https:\/\/sport.karlino.pl\/index.php\/wp-json\/wp\/v2\/posts\/5261\/revisions"}],"wp:attachment":[{"href":"https:\/\/sport.karlino.pl\/index.php\/wp-json\/wp\/v2\/media?parent=5261"}],"wp:term":[{"taxonomy":"category","embeddable":true,"href":"https:\/\/sport.karlino.pl\/index.php\/wp-json\/wp\/v2\/categories?post=5261"},{"taxonomy":"post_tag","embeddable":true,"href":"https:\/\/sport.karlino.pl\/index.php\/wp-json\/wp\/v2\/tags?post=5261"}],"curies":[{"name":"wp","href":"https:\/\/api.w.org\/{rel}","templated":true}]}}