{"id":5297,"date":"2017-06-20T16:19:05","date_gmt":"2017-06-20T14:19:05","guid":{"rendered":"http:\/\/www.sport.karlino.pl\/?p=5297"},"modified":"2017-06-20T16:19:05","modified_gmt":"2017-06-20T14:19:05","slug":"mistrzostwa-europy-porazka-slominskiego-m-polski-w-gazie","status":"publish","type":"post","link":"https:\/\/sport.karlino.pl\/index.php\/2017\/06\/20\/mistrzostwa-europy-porazka-slominskiego-m-polski-w-gazie\/","title":{"rendered":"MISTRZOSTWA EUROPY: PORA\u017bKA S\u0141OMI\u0143SKIEGO, M. POLSKI W GAZIE!"},"content":{"rendered":"<p>Dzi\u015b p\u00f3ki co na remis. Przegra\u0142 najl\u017cejszy w naszej reprezentacji, ale za to <strong>Mateusz Polski<\/strong> wygra\u0142 w bardzo dobrym stylu i nie tylko pobije si\u0119 o medal Mistrzostw Europy, ale r\u00f3wnie\u017c wie ju\u017c, \u017ce zaboksuje na Mistrzostwach \u015awiata!<\/p>\n<p><strong>Jakub S\u0142omi\u0144ski<\/strong> (-49kg) nie sprosta\u0142 W\u0142ochowi. <strong>Federico Serra<\/strong> wygra\u0142 na kartach wszystkich s\u0119dzi\u00f3w, a s\u0119dzina liczy\u0142a na stoj\u0105co Polaka w drugiej i trzeciej rundzie.<\/p>\n<p>Mateusz Polski (-64kg) pocz\u0105tkowo nie m\u00f3g\u0142 sobie poradzi\u0107 z zasi\u0119giem <strong>Wladislawa Baryshnika<\/strong>, ale od po\u0142owy pierwszego starcia uderzy\u0142 kilka razy prawym na d\u00f3\u0142, czym otworzy\u0142 sobie drog\u0119 do dw\u00f3ch mocnych prawych krzy\u017cowych na g\u0142ow\u0119 w ko\u0144c\u00f3wce pierwszej ods\u0142ony. Na pocz\u0105tku drugiej zaskoczy\u0142 kilka razy Niemca bezpo\u015brednim prawym overhandem. Ten nie zamierza\u0142 oddawa\u0107 pola i wchodzi\u0142 w kr\u00f3tkie wymiany. Mia\u0142 nawet chwilami lepsze momenty, jednak optycznie to ciosy Mateusza wi\u0119cej wa\u017cy\u0142y.<\/p>\n<p>W pierwszej po\u0142owie trzeciej rundy Polski trzykrotnie doskoczy\u0142 i po lewym trafi\u0142 mocnym prawym sierpowym. Niekt\u00f3re jego ciosy pru\u0142y powietrze, ale gdy ju\u017c trafia\u0142, echo nios\u0142o si\u0119 po ca\u0142ej hali. O dziwo s\u0119dziowie nie byli jednomy\u015blni, ale najwa\u017cniejsze, \u017ce wskazali na naszego reprezentanta, kt\u00f3ry z pewno\u015bci\u0105 pokaza\u0142 dzi\u015b wi\u0119cej ni\u017c Niemiec.<\/p>\n<p><a href=\"http:\/\/www.bokser.org\/content\/tag\/206\/Mateusz-Polski\/0000000000_index.jsp\" target=\"_blank\" rel=\"noopener\"><strong>MATEUSZ POLSKI: SERWIS SPECJALNY<\/strong> &gt;&gt;&gt;<\/a><\/p>\n<p>Tym samym Mateusz zapewni\u0142 sobie awans do \u0107wier\u0107fina\u0142u, a co za tym idzie, zdoby\u0142 przepustk\u0119 na Mistrzostwa \u015awiata w Hamburgu na prze\u0142omie sierpnia i wrze\u015bnia.<\/p>\n<p>Na chwil\u0119 obecn\u0105 nasz bilans w Charkowie to trzy zwyci\u0119stwa<\/p>\n<p><img decoding=\"async\" src=\"http:\/\/www.static.bokser.org\/gallery\/bokserzy\/polska\/Polski-Mateusz\/srodek\/mateusz-polski-srodek-005.jpg\" alt=\"\" \/><\/p>\n","protected":false},"excerpt":{"rendered":"<p>Dzi\u015b p\u00f3ki co na remis. Przegra\u0142 najl\u017cejszy w naszej reprezentacji, ale za to Mateusz Polski wygra\u0142 w bardzo dobrym stylu i nie tylko pobije si\u0119 o medal Mistrzostw Europy, ale [&hellip;]<\/p>\n","protected":false},"author":8,"featured_media":0,"comment_status":"closed","ping_status":"closed","sticky":false,"template":"","format":"standard","meta":{"footnotes":""},"categories":[],"tags":[],"class_list":["post-5297","post","type-post","status-publish","format-standard","hentry"],"blocksy_meta":{"styles_descriptor":{"styles":{"desktop":"","tablet":"","mobile":""},"google_fonts":[],"version":6}},"featured_image_urls_v2":{"full":"","thumbnail":"","medium":"","medium_large":"","large":"","1536x1536":"","2048x2048":""},"post_excerpt_stackable_v2":"<p>Dzi\u015b p\u00f3ki co na remis. Przegra\u0142 najl\u017cejszy w naszej reprezentacji, ale za to Mateusz Polski wygra\u0142 w bardzo dobrym stylu i nie tylko pobije si\u0119 o medal Mistrzostw Europy, ale r\u00f3wnie\u017c wie ju\u017c, \u017ce zaboksuje na Mistrzostwach \u015awiata! Jakub S\u0142omi\u0144ski (-49kg) nie sprosta\u0142 W\u0142ochowi. Federico Serra wygra\u0142 na kartach wszystkich s\u0119dzi\u00f3w, a s\u0119dzina liczy\u0142a na stoj\u0105co Polaka w drugiej i trzeciej rundzie. Mateusz Polski (-64kg) pocz\u0105tkowo nie m\u00f3g\u0142 sobie poradzi\u0107 z zasi\u0119giem Wladislawa Baryshnika, ale od po\u0142owy pierwszego starcia uderzy\u0142 kilka razy prawym na d\u00f3\u0142, czym otworzy\u0142 sobie drog\u0119 do dw\u00f3ch mocnych prawych krzy\u017cowych na g\u0142ow\u0119 w ko\u0144c\u00f3wce pierwszej ods\u0142ony.&hellip;<\/p>\n","category_list_v2":"Bez kategorii","author_info_v2":{"name":"","url":"https:\/\/sport.karlino.pl\/author\/"},"comments_num_v2":"0 comments","_links":{"self":[{"href":"https:\/\/sport.karlino.pl\/index.php\/wp-json\/wp\/v2\/posts\/5297","targetHints":{"allow":["GET"]}}],"collection":[{"href":"https:\/\/sport.karlino.pl\/index.php\/wp-json\/wp\/v2\/posts"}],"about":[{"href":"https:\/\/sport.karlino.pl\/index.php\/wp-json\/wp\/v2\/types\/post"}],"author":[{"embeddable":true,"href":"https:\/\/sport.karlino.pl\/index.php\/wp-json\/wp\/v2\/users\/8"}],"replies":[{"embeddable":true,"href":"https:\/\/sport.karlino.pl\/index.php\/wp-json\/wp\/v2\/comments?post=5297"}],"version-history":[{"count":0,"href":"https:\/\/sport.karlino.pl\/index.php\/wp-json\/wp\/v2\/posts\/5297\/revisions"}],"wp:attachment":[{"href":"https:\/\/sport.karlino.pl\/index.php\/wp-json\/wp\/v2\/media?parent=5297"}],"wp:term":[{"taxonomy":"category","embeddable":true,"href":"https:\/\/sport.karlino.pl\/index.php\/wp-json\/wp\/v2\/categories?post=5297"},{"taxonomy":"post_tag","embeddable":true,"href":"https:\/\/sport.karlino.pl\/index.php\/wp-json\/wp\/v2\/tags?post=5297"}],"curies":[{"name":"wp","href":"https:\/\/api.w.org\/{rel}","templated":true}]}}