{"id":5829,"date":"2017-07-21T16:58:46","date_gmt":"2017-07-21T14:58:46","guid":{"rendered":"http:\/\/www.sport.karlino.pl\/?p=5829"},"modified":"2017-07-21T16:58:46","modified_gmt":"2017-07-21T14:58:46","slug":"wiec-chodz-pomaluj-moj-swiat-na-zolto-i-na-niebiesko-mimo-czarnych-chmur-na-niebie-frekwencja-dopisala-prace-przepiekne-brawo-wy","status":"publish","type":"post","link":"https:\/\/sport.karlino.pl\/index.php\/2017\/07\/21\/wiec-chodz-pomaluj-moj-swiat-na-zolto-i-na-niebiesko-mimo-czarnych-chmur-na-niebie-frekwencja-dopisala-prace-przepiekne-brawo-wy\/","title":{"rendered":"Wi\u0119c chod\u017a pomaluj m\u00f3j \u015bwiat na \u017c\u00f3\u0142to i na niebiesko&#8230;&#8230;. mimo czarnych chmur na niebie frekwencja dopisa\u0142a prace przepi\u0119kne. Brawo Wy!!!!"},"content":{"rendered":"<p><img decoding=\"async\" src=\"https:\/\/scontent-amt2-1.xx.fbcdn.net\/v\/t31.0-8\/20157307_1443921365705299_1534087876270804968_o.jpg?oh=40bdb3f3fc2c529cc04bf460b6030dfa&amp;oe=59EC8028\" alt=\"Zdj\u0119cie u\u017cytkownika Regionalne Centrum Turystyki i Sportu w Karlinie.\" \/><img decoding=\"async\" src=\"https:\/\/scontent-amt2-1.xx.fbcdn.net\/v\/t31.0-8\/20157307_1443921365705299_1534087876270804968_o.jpg?oh=40bdb3f3fc2c529cc04bf460b6030dfa&amp;oe=59EC8028\" alt=\"Zdj\u0119cie u\u017cytkownika Regionalne Centrum Turystyki i Sportu w Karlinie.\" \/><img decoding=\"async\" src=\"https:\/\/scontent-amt2-1.xx.fbcdn.net\/v\/t31.0-8\/20232190_1443921792371923_6126491174369795198_o.jpg?oh=4c1c3ef7f71ee6ec898981c86e8398e0&amp;oe=5A039630\" alt=\"Zdj\u0119cie u\u017cytkownika Regionalne Centrum Turystyki i Sportu w Karlinie.\" \/><img decoding=\"async\" src=\"https:\/\/scontent-amt2-1.xx.fbcdn.net\/v\/t31.0-8\/20280397_1443921805705255_3553503738581500285_o.jpg?oh=d9ff0d2c586295396d3816544604d4e0&amp;oe=59C313F7\" alt=\"Zdj\u0119cie u\u017cytkownika Regionalne Centrum Turystyki i Sportu w Karlinie.\" \/><img decoding=\"async\" src=\"https:\/\/scontent-amt2-1.xx.fbcdn.net\/v\/t31.0-8\/20248094_1443921782371924_7304878554386344195_o.jpg?oh=5ab9addf2d42d8dd13961d097bad35f5&amp;oe=59F73102\" alt=\"Zdj\u0119cie u\u017cytkownika Regionalne Centrum Turystyki i Sportu w Karlinie.\" \/><img decoding=\"async\" src=\"https:\/\/scontent-amt2-1.xx.fbcdn.net\/v\/t31.0-8\/20229853_1443921732371929_5517526780481470943_o.jpg?oh=a96339d221b7015573ba442ed59a007d&amp;oe=5A073FFA\" alt=\"Zdj\u0119cie u\u017cytkownika Regionalne Centrum Turystyki i Sportu w Karlinie.\" \/><img decoding=\"async\" src=\"https:\/\/scontent-amt2-1.xx.fbcdn.net\/v\/t31.0-8\/20157854_1443921745705261_8505501044999495685_o.jpg?oh=8a872c455b6a85044dec8cbe66fabf42&amp;oe=59EC7EC5\" alt=\"Zdj\u0119cie u\u017cytkownika Regionalne Centrum Turystyki i Sportu w Karlinie.\" \/><img decoding=\"async\" src=\"https:\/\/scontent-amt2-1.xx.fbcdn.net\/v\/t31.0-8\/20232194_1443921735705262_1597339918598632304_o.jpg?oh=bdedaa7b83e4438b70376ab730ecc81c&amp;oe=5A09A2F3\" alt=\"Zdj\u0119cie u\u017cytkownika Regionalne Centrum Turystyki i Sportu w Karlinie.\" \/><img decoding=\"async\" src=\"https:\/\/scontent-amt2-1.xx.fbcdn.net\/v\/t31.0-8\/20157813_1443921615705274_4573150024986967693_o.jpg?oh=5eeccb340718d0f3d18b1f8419ffeee2&amp;oe=59FAF043\" alt=\"Zdj\u0119cie u\u017cytkownika Regionalne Centrum Turystyki i Sportu w Karlinie.\" \/><img decoding=\"async\" src=\"https:\/\/scontent-amt2-1.xx.fbcdn.net\/v\/t31.0-8\/20247726_1443921699038599_7552066017076878274_o.jpg?oh=ae67cf1c1eed2d319e23a708d3c3fb7a&amp;oe=59FCAAC8\" alt=\"Zdj\u0119cie u\u017cytkownika Regionalne Centrum Turystyki i Sportu w Karlinie.\" \/><img decoding=\"async\" src=\"https:\/\/scontent-amt2-1.xx.fbcdn.net\/v\/t31.0-8\/20157467_1443921672371935_6678346797164760855_o.jpg?oh=b3c807472e972d5a815259782d23908c&amp;oe=59EF814C\" alt=\"Zdj\u0119cie u\u017cytkownika Regionalne Centrum Turystyki i Sportu w Karlinie.\" \/><img decoding=\"async\" src=\"https:\/\/scontent-amt2-1.xx.fbcdn.net\/v\/t31.0-8\/20157625_1443921695705266_91569119885014058_o.jpg?oh=a9d085a1fb728ae40bd2846072ba29dd&amp;oe=59FBCC6F\" alt=\"Zdj\u0119cie u\u017cytkownika Regionalne Centrum Turystyki i Sportu w Karlinie.\" \/><img decoding=\"async\" src=\"https:\/\/scontent-amt2-1.xx.fbcdn.net\/v\/t31.0-8\/20157976_1443921512371951_5784060722699547535_o.jpg?oh=b9f25a181adec530381681316732ceee&amp;oe=59FEE7A9\" alt=\"Zdj\u0119cie u\u017cytkownika Regionalne Centrum Turystyki i Sportu w Karlinie.\" \/><img decoding=\"async\" src=\"https:\/\/scontent-amt2-1.xx.fbcdn.net\/v\/t31.0-8\/20232209_1443921642371938_9000994497588393886_o.jpg?oh=6ff1162659b46572363bb791d648d2d4&amp;oe=59C463B2\" alt=\"Zdj\u0119cie u\u017cytkownika Regionalne Centrum Turystyki i Sportu w Karlinie.\" \/><img decoding=\"async\" src=\"https:\/\/scontent-amt2-1.xx.fbcdn.net\/v\/t31.0-8\/20247555_1443921539038615_7848642844879347254_o.jpg?oh=4a0da3cc269687216d07f22bdf31c036&amp;oe=5A1103E4\" alt=\"Zdj\u0119cie u\u017cytkownika Regionalne Centrum Turystyki i Sportu w Karlinie.\" \/><img decoding=\"async\" src=\"https:\/\/scontent-amt2-1.xx.fbcdn.net\/v\/t31.0-8\/20229797_1443921552371947_8129418699373209512_o.jpg?oh=22599d4561da16210e5724ea9b145851&amp;oe=5A092F36\" alt=\"Zdj\u0119cie u\u017cytkownika Regionalne Centrum Turystyki i Sportu w Karlinie.\" \/><img decoding=\"async\" src=\"https:\/\/scontent-amt2-1.xx.fbcdn.net\/v\/t31.0-8\/20248281_1443921559038613_4238740571928599255_o.jpg?oh=ee6142f57e2e10f221a5e14d24b4e08c&amp;oe=5A0E8FD5\" alt=\"Zdj\u0119cie u\u017cytkownika Regionalne Centrum Turystyki i Sportu w Karlinie.\" \/><img decoding=\"async\" src=\"https:\/\/scontent-amt2-1.xx.fbcdn.net\/v\/t31.0-8\/20232945_1443921505705285_8297444228939861357_o.jpg?oh=f4e5addaabfc24062616e742ac642054&amp;oe=59C352B4\" alt=\"Zdj\u0119cie u\u017cytkownika Regionalne Centrum Turystyki i Sportu w Karlinie.\" \/><img decoding=\"async\" src=\"https:\/\/scontent-amt2-1.xx.fbcdn.net\/v\/t31.0-8\/20232108_1443921429038626_5765070247680199615_o.jpg?oh=0f1002414a0c051aa45ddca54484d440&amp;oe=59F44A6C\" alt=\"Zdj\u0119cie u\u017cytkownika Regionalne Centrum Turystyki i Sportu w Karlinie.\" \/><img decoding=\"async\" src=\"https:\/\/scontent-amt2-1.xx.fbcdn.net\/v\/t31.0-8\/20157253_1443921495705286_8071923454086640926_o.jpg?oh=d383c2a70cabbd557a81b1b040d04fb4&amp;oe=5A0677A6\" alt=\"Zdj\u0119cie u\u017cytkownika Regionalne Centrum Turystyki i Sportu w Karlinie.\" \/><img decoding=\"async\" src=\"https:\/\/scontent-amt2-1.xx.fbcdn.net\/v\/t31.0-8\/20247806_1443921389038630_3839874474684590164_o.jpg?oh=4778977e8fead12ef492d4c55a8ce4aa&amp;oe=59FF94A8\" alt=\"Zdj\u0119cie u\u017cytkownika Regionalne Centrum Turystyki i Sportu w Karlinie.\" \/><img decoding=\"async\" src=\"https:\/\/scontent-amt2-1.xx.fbcdn.net\/v\/t31.0-8\/20231984_1443921402371962_3183488919123624456_o.jpg?oh=13e1cc74e15be312eec62b28db9b9353&amp;oe=59FEFB72\" alt=\"Zdj\u0119cie u\u017cytkownika Regionalne Centrum Turystyki i Sportu w Karlinie.\" \/><\/p>\n","protected":false},"excerpt":{"rendered":"","protected":false},"author":8,"featured_media":0,"comment_status":"closed","ping_status":"closed","sticky":false,"template":"","format":"standard","meta":{"footnotes":""},"categories":[],"tags":[],"class_list":["post-5829","post","type-post","status-publish","format-standard","hentry"],"blocksy_meta":{"styles_descriptor":{"styles":{"desktop":"","tablet":"","mobile":""},"google_fonts":[],"version":6}},"featured_image_urls_v2":{"full":"","thumbnail":"","medium":"","medium_large":"","large":"","1536x1536":"","2048x2048":""},"post_excerpt_stackable_v2":"","category_list_v2":"Bez kategorii","author_info_v2":{"name":"","url":"https:\/\/sport.karlino.pl\/author\/"},"comments_num_v2":"0 comments","_links":{"self":[{"href":"https:\/\/sport.karlino.pl\/index.php\/wp-json\/wp\/v2\/posts\/5829","targetHints":{"allow":["GET"]}}],"collection":[{"href":"https:\/\/sport.karlino.pl\/index.php\/wp-json\/wp\/v2\/posts"}],"about":[{"href":"https:\/\/sport.karlino.pl\/index.php\/wp-json\/wp\/v2\/types\/post"}],"author":[{"embeddable":true,"href":"https:\/\/sport.karlino.pl\/index.php\/wp-json\/wp\/v2\/users\/8"}],"replies":[{"embeddable":true,"href":"https:\/\/sport.karlino.pl\/index.php\/wp-json\/wp\/v2\/comments?post=5829"}],"version-history":[{"count":0,"href":"https:\/\/sport.karlino.pl\/index.php\/wp-json\/wp\/v2\/posts\/5829\/revisions"}],"wp:attachment":[{"href":"https:\/\/sport.karlino.pl\/index.php\/wp-json\/wp\/v2\/media?parent=5829"}],"wp:term":[{"taxonomy":"category","embeddable":true,"href":"https:\/\/sport.karlino.pl\/index.php\/wp-json\/wp\/v2\/categories?post=5829"},{"taxonomy":"post_tag","embeddable":true,"href":"https:\/\/sport.karlino.pl\/index.php\/wp-json\/wp\/v2\/tags?post=5829"}],"curies":[{"name":"wp","href":"https:\/\/api.w.org\/{rel}","templated":true}]}}