{"id":583,"date":"2015-09-17T15:10:48","date_gmt":"2015-09-17T13:10:48","guid":{"rendered":"http:\/\/www.sport.karlino.pl\/?p=583"},"modified":"2015-11-24T09:47:01","modified_gmt":"2015-11-24T08:47:01","slug":"vi-turnieju-orlika-o-puchar-premiera-rp","status":"publish","type":"post","link":"https:\/\/sport.karlino.pl\/index.php\/2015\/09\/17\/vi-turnieju-orlika-o-puchar-premiera-rp\/","title":{"rendered":"VI Turnieju Orlika o Puchar Premiera RP"},"content":{"rendered":"<p>17 wrze\u015bnia w Bia\u0142ogardzie odby\u0142 si\u0119 powiatowy etap. W Bia\u0142ogardzkie stan\u0119\u0142y naprzeciwko siebie dru\u017cyny z 9 szk\u00f3\u0142 powiatu bia\u0142ogardzkiego. Turniej zosta\u0142 rozegrany w dw\u00f3ch grupach. Nasza dru\u017cyna trafi\u0142a na grup\u0119 5 zespo\u0142\u00f3w. Po 3 meczach wygranych i 1 remisie, dru\u017cyna karli\u0144ska spotka\u0142a si\u0119 ze Szko\u0142\u0105 nr 5 w Bia\u0142ogardzie, co zako\u0144czy\u0142o si\u0119 4 wygranym meczem tego dnia i awansem do etapu Regionalnego, kt\u00f3ry odb\u0119dzie si\u0119 25.09.2015 w Brze\u017anie. Dodatkowym ogromnym powodem do dumy jest fakt, \u017ce nasza dru\u017cyna sk\u0142ada\u0142a si\u0119 z ch\u0142opc\u00f3w rocznika 2003 (ostatnia klasa szko\u0142y podstawowej) a dru\u017cyny z kt\u00f3rymi wygrali to pierwsza klasa gimnazjum.<\/p>\n<p>W miniony poniedzia\u0142ek (14.09) w Grzmi\u0105cej do etapu regionalnego zakwalifikowa\u0142y si\u0119 r\u00f3wnie\u017c dziewcz\u0119ta klasa 4 \u2013 5.<\/p>\n<p><a href=\"http:\/\/www.sport.karlino.pl\/wp-content\/uploads\/2015\/09\/CAM02979.jpg\"><img fetchpriority=\"high\" decoding=\"async\" class=\"alignnone size-medium wp-image-584\" src=\"http:\/\/www.sport.karlino.pl\/wp-content\/uploads\/2015\/09\/CAM02979-300x225.jpg\" alt=\"CAM02979\" width=\"300\" height=\"225\" \/><\/a><\/p>\n","protected":false},"excerpt":{"rendered":"<p>17 wrze\u015bnia w Bia\u0142ogardzie odby\u0142 si\u0119 powiatowy etap. W Bia\u0142ogardzkie stan\u0119\u0142y naprzeciwko siebie dru\u017cyny z 9 szk\u00f3\u0142 powiatu bia\u0142ogardzkiego. Turniej zosta\u0142 rozegrany w dw\u00f3ch grupach. Nasza dru\u017cyna trafi\u0142a na grup\u0119 [&hellip;]<\/p>\n","protected":false},"author":8,"featured_media":0,"comment_status":"closed","ping_status":"closed","sticky":false,"template":"","format":"standard","meta":{"footnotes":""},"categories":[],"tags":[],"class_list":["post-583","post","type-post","status-publish","format-standard","hentry"],"blocksy_meta":{"styles_descriptor":{"styles":{"desktop":"","tablet":"","mobile":""},"google_fonts":[],"version":6}},"featured_image_urls_v2":{"full":"","thumbnail":"","medium":"","medium_large":"","large":"","1536x1536":"","2048x2048":""},"post_excerpt_stackable_v2":"<p>17 wrze\u015bnia w Bia\u0142ogardzie odby\u0142 si\u0119 powiatowy etap. W Bia\u0142ogardzkie stan\u0119\u0142y naprzeciwko siebie dru\u017cyny z 9 szk\u00f3\u0142 powiatu bia\u0142ogardzkiego. Turniej zosta\u0142 rozegrany w dw\u00f3ch grupach. Nasza dru\u017cyna trafi\u0142a na grup\u0119 5 zespo\u0142\u00f3w. Po 3 meczach wygranych i 1 remisie, dru\u017cyna karli\u0144ska spotka\u0142a si\u0119 ze Szko\u0142\u0105 nr 5 w Bia\u0142ogardzie, co zako\u0144czy\u0142o si\u0119 4 wygranym meczem tego dnia i awansem do etapu Regionalnego, kt\u00f3ry odb\u0119dzie si\u0119 25.09.2015 w Brze\u017anie. Dodatkowym ogromnym powodem do dumy jest fakt, \u017ce nasza dru\u017cyna sk\u0142ada\u0142a si\u0119 z ch\u0142opc\u00f3w rocznika 2003 (ostatnia klasa szko\u0142y podstawowej) a dru\u017cyny z kt\u00f3rymi wygrali to pierwsza klasa gimnazjum. W miniony poniedzia\u0142ek&hellip;<\/p>\n","category_list_v2":"Bez kategorii","author_info_v2":{"name":"","url":"https:\/\/sport.karlino.pl\/author\/"},"comments_num_v2":"0 comments","_links":{"self":[{"href":"https:\/\/sport.karlino.pl\/index.php\/wp-json\/wp\/v2\/posts\/583","targetHints":{"allow":["GET"]}}],"collection":[{"href":"https:\/\/sport.karlino.pl\/index.php\/wp-json\/wp\/v2\/posts"}],"about":[{"href":"https:\/\/sport.karlino.pl\/index.php\/wp-json\/wp\/v2\/types\/post"}],"author":[{"embeddable":true,"href":"https:\/\/sport.karlino.pl\/index.php\/wp-json\/wp\/v2\/users\/8"}],"replies":[{"embeddable":true,"href":"https:\/\/sport.karlino.pl\/index.php\/wp-json\/wp\/v2\/comments?post=583"}],"version-history":[{"count":0,"href":"https:\/\/sport.karlino.pl\/index.php\/wp-json\/wp\/v2\/posts\/583\/revisions"}],"wp:attachment":[{"href":"https:\/\/sport.karlino.pl\/index.php\/wp-json\/wp\/v2\/media?parent=583"}],"wp:term":[{"taxonomy":"category","embeddable":true,"href":"https:\/\/sport.karlino.pl\/index.php\/wp-json\/wp\/v2\/categories?post=583"},{"taxonomy":"post_tag","embeddable":true,"href":"https:\/\/sport.karlino.pl\/index.php\/wp-json\/wp\/v2\/tags?post=583"}],"curies":[{"name":"wp","href":"https:\/\/api.w.org\/{rel}","templated":true}]}}