{"id":5961,"date":"2017-08-08T16:22:33","date_gmt":"2017-08-08T14:22:33","guid":{"rendered":"http:\/\/www.sport.karlino.pl\/?p=5961"},"modified":"2017-08-08T16:22:33","modified_gmt":"2017-08-08T14:22:33","slug":"wakacje-z-pilka-nozna-3","status":"publish","type":"post","link":"https:\/\/sport.karlino.pl\/index.php\/2017\/08\/08\/wakacje-z-pilka-nozna-3\/","title":{"rendered":"WAKACJE Z PI\u0141K\u0104 NO\u017bN\u0104"},"content":{"rendered":"<p>&nbsp;<\/p>\n<p>Serdecznie zapraszamy dzieci i m\u0142odzie\u017c na bezp\u0142atne zaj\u0119cia z pi\u0142ki no\u017cnej:<\/p>\n<p>trener: ZBIGNIEW LITEWKA<span class=\"text_exposed_show\"><br \/>\nzaj\u0119cia: poniedzia\u0142ek, \u015broda, pi\u0105tek<\/span><\/p>\n<div class=\"text_exposed_show\">\n<p>\u017bAKI (2009 i m\u0142odsi) &#8211; 15 &#8211; 16.30<br \/>\nORLIKI (2007-2008) &#8211; 16.30 &#8211; 18.00<br \/>\nJUNIORZY (1999-2001) &#8211; 18-20.00<\/p>\n<p>trener: TOMASZ SOBKOWICZ<br \/>\nzaj\u0119cia: wtorek, czwartek<\/p>\n<p>M\u0141ODZIK STARSZY (2005-2006) &#8211; 16.30 &#8211; 18.30<br \/>\nTRAMPKARZ (2002-2004) &#8211; 18.30 &#8211; 20.30<\/p>\n<\/div>\n","protected":false},"excerpt":{"rendered":"<p>&nbsp; Serdecznie zapraszamy dzieci i m\u0142odzie\u017c na bezp\u0142atne zaj\u0119cia z pi\u0142ki no\u017cnej: trener: ZBIGNIEW LITEWKA zaj\u0119cia: poniedzia\u0142ek, \u015broda, pi\u0105tek \u017bAKI (2009 i m\u0142odsi) &#8211; 15 &#8211; 16.30 ORLIKI (2007-2008) &#8211; [&hellip;]<\/p>\n","protected":false},"author":8,"featured_media":0,"comment_status":"closed","ping_status":"closed","sticky":false,"template":"","format":"standard","meta":{"footnotes":""},"categories":[],"tags":[],"class_list":["post-5961","post","type-post","status-publish","format-standard","hentry"],"blocksy_meta":{"styles_descriptor":{"styles":{"desktop":"","tablet":"","mobile":""},"google_fonts":[],"version":6}},"featured_image_urls_v2":{"full":"","thumbnail":"","medium":"","medium_large":"","large":"","1536x1536":"","2048x2048":""},"post_excerpt_stackable_v2":"<p>&nbsp; Serdecznie zapraszamy dzieci i m\u0142odzie\u017c na bezp\u0142atne zaj\u0119cia z pi\u0142ki no\u017cnej: trener: ZBIGNIEW LITEWKA zaj\u0119cia: poniedzia\u0142ek, \u015broda, pi\u0105tek \u017bAKI (2009 i m\u0142odsi) &#8211; 15 &#8211; 16.30 ORLIKI (2007-2008) &#8211; 16.30 &#8211; 18.00 JUNIORZY (1999-2001) &#8211; 18-20.00 trener: TOMASZ SOBKOWICZ zaj\u0119cia: wtorek, czwartek M\u0141ODZIK STARSZY (2005-2006) &#8211; 16.30 &#8211; 18.30 TRAMPKARZ (2002-2004) &#8211; 18.30 &#8211; 20.30<\/p>\n","category_list_v2":"Bez kategorii","author_info_v2":{"name":"","url":"https:\/\/sport.karlino.pl\/author\/"},"comments_num_v2":"0 comments","_links":{"self":[{"href":"https:\/\/sport.karlino.pl\/index.php\/wp-json\/wp\/v2\/posts\/5961","targetHints":{"allow":["GET"]}}],"collection":[{"href":"https:\/\/sport.karlino.pl\/index.php\/wp-json\/wp\/v2\/posts"}],"about":[{"href":"https:\/\/sport.karlino.pl\/index.php\/wp-json\/wp\/v2\/types\/post"}],"author":[{"embeddable":true,"href":"https:\/\/sport.karlino.pl\/index.php\/wp-json\/wp\/v2\/users\/8"}],"replies":[{"embeddable":true,"href":"https:\/\/sport.karlino.pl\/index.php\/wp-json\/wp\/v2\/comments?post=5961"}],"version-history":[{"count":0,"href":"https:\/\/sport.karlino.pl\/index.php\/wp-json\/wp\/v2\/posts\/5961\/revisions"}],"wp:attachment":[{"href":"https:\/\/sport.karlino.pl\/index.php\/wp-json\/wp\/v2\/media?parent=5961"}],"wp:term":[{"taxonomy":"category","embeddable":true,"href":"https:\/\/sport.karlino.pl\/index.php\/wp-json\/wp\/v2\/categories?post=5961"},{"taxonomy":"post_tag","embeddable":true,"href":"https:\/\/sport.karlino.pl\/index.php\/wp-json\/wp\/v2\/tags?post=5961"}],"curies":[{"name":"wp","href":"https:\/\/api.w.org\/{rel}","templated":true}]}}