{"id":6112,"date":"2017-09-12T13:16:57","date_gmt":"2017-09-12T11:16:57","guid":{"rendered":"http:\/\/www.sport.karlino.pl\/?p=6112"},"modified":"2017-09-21T18:45:48","modified_gmt":"2017-09-21T16:45:48","slug":"zajecia-fitness-4","status":"publish","type":"post","link":"https:\/\/sport.karlino.pl\/index.php\/2017\/09\/12\/zajecia-fitness-4\/","title":{"rendered":"Zaj\u0119cia FITNESS"},"content":{"rendered":"<p><em><strong>ZAJ\u0118CIA FITNES<\/strong><\/em><\/p>\n<p>Wracamy z wakacji.<br \/>\nZaczynamy \u0107wiczenia w Homanit Arena.<\/p>\n<p><strong>I. Zaj\u0119cia otwarte:<\/strong><\/p>\n<p>poniedzia\u0142ki &#8211; godz. 19.15-20.15<br \/>\nczwartki &#8211; godz. 18-19.00 i 19.15 &#8211; 20.15<\/p>\n<p>Koszt: <strong>10 z\u0142\/osoba\/zaj\u0119cia<\/strong> lub <strong>karnet 64 z\u0142\/8 wej\u015b\u0107<\/strong><\/p>\n<p><strong>II. Gimnastyka dla seniora:<\/strong><\/p>\n<p>czwartki &#8211; godz. 17-18.00 &#8211; zaj\u0119cia bezp\u0142atne dla senior\u00f3w z Gminy Karlino.<\/p>\n<p><em><strong>Do zobaczenia na zaj\u0119ciach.<\/strong><\/em><\/p>\n<p><a href=\"http:\/\/www.sport.karlino.pl\/wp-content\/uploads\/2017\/09\/plakat-maraton-fitnesu.jpg\"><img fetchpriority=\"high\" decoding=\"async\" class=\"aligncenter size-large wp-image-6113\" src=\"http:\/\/www.sport.karlino.pl\/wp-content\/uploads\/2017\/09\/plakat-maraton-fitnesu-724x1024.jpg\" alt=\"plakat maraton fitnesu\" width=\"724\" height=\"1024\" \/><\/a><\/p>\n","protected":false},"excerpt":{"rendered":"<p>ZAJ\u0118CIA FITNES Wracamy z wakacji. Zaczynamy \u0107wiczenia w Homanit Arena. I. Zaj\u0119cia otwarte: poniedzia\u0142ki &#8211; godz. 19.15-20.15 czwartki &#8211; godz. 18-19.00 i 19.15 &#8211; 20.15 Koszt: 10 z\u0142\/osoba\/zaj\u0119cia lub karnet [&hellip;]<\/p>\n","protected":false},"author":8,"featured_media":0,"comment_status":"closed","ping_status":"closed","sticky":false,"template":"","format":"standard","meta":{"footnotes":""},"categories":[],"tags":[],"class_list":["post-6112","post","type-post","status-publish","format-standard","hentry"],"blocksy_meta":{"styles_descriptor":{"styles":{"desktop":"","tablet":"","mobile":""},"google_fonts":[],"version":6}},"featured_image_urls_v2":{"full":"","thumbnail":"","medium":"","medium_large":"","large":"","1536x1536":"","2048x2048":""},"post_excerpt_stackable_v2":"<p>ZAJ\u0118CIA FITNES Wracamy z wakacji. Zaczynamy \u0107wiczenia w Homanit Arena. I. Zaj\u0119cia otwarte: poniedzia\u0142ki &#8211; godz. 19.15-20.15 czwartki &#8211; godz. 18-19.00 i 19.15 &#8211; 20.15 Koszt: 10 z\u0142\/osoba\/zaj\u0119cia lub karnet 64 z\u0142\/8 wej\u015b\u0107 II. Gimnastyka dla seniora: czwartki &#8211; godz. 17-18.00 &#8211; zaj\u0119cia bezp\u0142atne dla senior\u00f3w z Gminy Karlino. Do zobaczenia na zaj\u0119ciach.<\/p>\n","category_list_v2":"Bez kategorii","author_info_v2":{"name":"","url":"https:\/\/sport.karlino.pl\/author\/"},"comments_num_v2":"0 comments","_links":{"self":[{"href":"https:\/\/sport.karlino.pl\/index.php\/wp-json\/wp\/v2\/posts\/6112","targetHints":{"allow":["GET"]}}],"collection":[{"href":"https:\/\/sport.karlino.pl\/index.php\/wp-json\/wp\/v2\/posts"}],"about":[{"href":"https:\/\/sport.karlino.pl\/index.php\/wp-json\/wp\/v2\/types\/post"}],"author":[{"embeddable":true,"href":"https:\/\/sport.karlino.pl\/index.php\/wp-json\/wp\/v2\/users\/8"}],"replies":[{"embeddable":true,"href":"https:\/\/sport.karlino.pl\/index.php\/wp-json\/wp\/v2\/comments?post=6112"}],"version-history":[{"count":0,"href":"https:\/\/sport.karlino.pl\/index.php\/wp-json\/wp\/v2\/posts\/6112\/revisions"}],"wp:attachment":[{"href":"https:\/\/sport.karlino.pl\/index.php\/wp-json\/wp\/v2\/media?parent=6112"}],"wp:term":[{"taxonomy":"category","embeddable":true,"href":"https:\/\/sport.karlino.pl\/index.php\/wp-json\/wp\/v2\/categories?post=6112"},{"taxonomy":"post_tag","embeddable":true,"href":"https:\/\/sport.karlino.pl\/index.php\/wp-json\/wp\/v2\/tags?post=6112"}],"curies":[{"name":"wp","href":"https:\/\/api.w.org\/{rel}","templated":true}]}}