{"id":8458,"date":"2019-05-16T19:59:26","date_gmt":"2019-05-16T17:59:26","guid":{"rendered":"http:\/\/www.sport.karlino.pl\/?p=8458"},"modified":"2019-05-16T19:59:29","modified_gmt":"2019-05-16T17:59:29","slug":"sparingowo-treningowe-potyczki-z-zakami-z-klubu-uks-unia-bialogard","status":"publish","type":"post","link":"https:\/\/sport.karlino.pl\/index.php\/2019\/05\/16\/sparingowo-treningowe-potyczki-z-zakami-z-klubu-uks-unia-bialogard\/","title":{"rendered":"SPARINGOWO \u2013 TRENINGOWE POTYCZKI Z \u017bAKAMI Z KLUBU UKS Unia Bia\u0142ogard"},"content":{"rendered":"\n<ul class=\"wp-block-gallery columns-3 is-cropped wp-block-gallery-1 is-layout-flex wp-block-gallery-is-layout-flex\"><li class=\"blocks-gallery-item\"><figure><img decoding=\"async\" src=\"http:\/\/www.sport.karlino.pl\/wp-content\/uploads\/2019\/05\/IMG_20190516_171732-1024x768.jpg\" alt=\"\" data-id=\"8457\" data-link=\"http:\/\/www.sport.karlino.pl\/event\/sparingowo-treningowe-potyczki-z-zakami-z-klubu-uks-unia-bialogard\/oznor-6\/\" class=\"wp-image-8457\" \/><\/figure><\/li><li class=\"blocks-gallery-item\"><figure><img decoding=\"async\" src=\"http:\/\/www.sport.karlino.pl\/wp-content\/uploads\/2019\/05\/IMG_20190516_171651-1024x768.jpg\" alt=\"\" data-id=\"8456\" data-link=\"http:\/\/www.sport.karlino.pl\/event\/sparingowo-treningowe-potyczki-z-zakami-z-klubu-uks-unia-bialogard\/oznor-5\/\" class=\"wp-image-8456\" \/><\/figure><\/li><li class=\"blocks-gallery-item\"><figure><img decoding=\"async\" src=\"http:\/\/www.sport.karlino.pl\/wp-content\/uploads\/2019\/05\/IMG_20190516_171542-1024x768.jpg\" alt=\"\" data-id=\"8455\" data-link=\"http:\/\/www.sport.karlino.pl\/event\/sparingowo-treningowe-potyczki-z-zakami-z-klubu-uks-unia-bialogard\/dav-13\/\" class=\"wp-image-8455\" \/><\/figure><\/li><\/ul>\n\n\n\n<p> Po raz kolejny <a href=\"https:\/\/www.facebook.com\/pages\/Homanit-Arena\/553965574773026?__tn__=K-R&amp;eid=ARAmMEy510DUkLiCg0s7_cZBWaBG8KKmIutY_5N4-UhxDCPbnrDP4xPK2_raOs5Q8otywrUJofJF_W9D&amp;fref=mentions&amp;__xts__%5B0%5D=68.ARDuBvPWLUNKfToR29NWNzZW-s_vf3yO0OBvzTGMIcMPBlphy1U76bOnNgPFsphJUlNKkjpk55pC84LmsLZ1b5ld1MBaUeCYuFwZdshvJ5_SaOvj1wduioFkcact_omSyiU4Pa-weib0otL3Xl8kXWqhrjVPz1QcxBrYXKVxwZ_606LP9aADNLPkjUXhjxQFImmBImXneAPzjmYmunsw6RIgUPkXt6_4ePL8h4BDRMeaXxO8Q3MSaTvviGlG7viil1-Yi0UtD96aDHO-Zah4WKBf6WEpyM_qGcyTbeQMDG6CIS9FGk4rnh2Fe9gr2nE4YRlOSA0tORLEpYee1vgESt1LZ4nc1pVPchSFMy0nTZSpK0_B1xmFXoysaqI7tp_Qa9W4SwMKrgdAmf5cahTCwVSGJ2lwdkSnZxit5gBwAp0dOVA\" target=\"_blank\" rel=\"noopener\">Homanit Arena<\/a> opanowali pi\u0142karze. Tym razem ci najm\u0142odsi. Dzisiaj rywalizowa\u0142y ze sob\u0105 \u017bAKI. <\/p>\n\n\n\n<p>\n Rodzice licznie zgromadzeni w hali byli \u015bwiadkami wielu ciekawych akcji\n oraz widowiska sportowego daj\u0105cego wiele sportowych emocji! <\/p>\n\n\n\n<p> Dla naszych \u017bak\u00f3w <a href=\"https:\/\/www.facebook.com\/MKS-Sok\u00f3\u0142-Karlino-1644506705829057\/?__tn__=K-R&amp;eid=ARA9rGq_Z5Ce52CJeBBSo2-ut6V8PtLM3pdpI1wh61DVkDyUosk3e-TFDpZFqJwnwMntT8Sk_100XXBL&amp;fref=mentions&amp;__xts__%5B0%5D=68.ARDuBvPWLUNKfToR29NWNzZW-s_vf3yO0OBvzTGMIcMPBlphy1U76bOnNgPFsphJUlNKkjpk55pC84LmsLZ1b5ld1MBaUeCYuFwZdshvJ5_SaOvj1wduioFkcact_omSyiU4Pa-weib0otL3Xl8kXWqhrjVPz1QcxBrYXKVxwZ_606LP9aADNLPkjUXhjxQFImmBImXneAPzjmYmunsw6RIgUPkXt6_4ePL8h4BDRMeaXxO8Q3MSaTvviGlG7viil1-Yi0UtD96aDHO-Zah4WKBf6WEpyM_qGcyTbeQMDG6CIS9FGk4rnh2Fe9gr2nE4YRlOSA0tORLEpYee1vgESt1LZ4nc1pVPchSFMy0nTZSpK0_B1xmFXoysaqI7tp_Qa9W4SwMKrgdAmf5cahTCwVSGJ2lwdkSnZxit5gBwAp0dOVA\" target=\"_blank\" rel=\"noopener\">MKS Sok\u00f3\u0142 Karlino<\/a> to zbieranie do\u015bwiadczenia i pewno\u015bci na boisku. <\/p>\n\n\n\n<p> Dzi\u0119kujemy rodzicom za towarzyszenie naszym najm\u0142odszym pi\u0142karzom i doping. ???\u26bd\ufe0f<\/p>\n","protected":false},"excerpt":{"rendered":"<p>Po raz kolejny Homanit Arena opanowali pi\u0142karze. Tym razem ci najm\u0142odsi. Dzisiaj rywalizowa\u0142y ze sob\u0105 \u017bAKI. Rodzice licznie zgromadzeni w hali byli \u015bwiadkami wielu ciekawych akcji oraz widowiska sportowego daj\u0105cego [&hellip;]<\/p>\n","protected":false},"author":8,"featured_media":0,"comment_status":"closed","ping_status":"closed","sticky":false,"template":"","format":"standard","meta":{"footnotes":""},"categories":[],"tags":[],"class_list":["post-8458","post","type-post","status-publish","format-standard","hentry"],"blocksy_meta":{"styles_descriptor":{"styles":{"desktop":"","tablet":"","mobile":""},"google_fonts":[],"version":6}},"featured_image_urls_v2":{"full":"","thumbnail":"","medium":"","medium_large":"","large":"","1536x1536":"","2048x2048":""},"post_excerpt_stackable_v2":"<p>Po raz kolejny Homanit Arena opanowali pi\u0142karze. Tym razem ci najm\u0142odsi. Dzisiaj rywalizowa\u0142y ze sob\u0105 \u017bAKI. Rodzice licznie zgromadzeni w hali byli \u015bwiadkami wielu ciekawych akcji oraz widowiska sportowego daj\u0105cego wiele sportowych emocji! Dla naszych \u017bak\u00f3w MKS Sok\u00f3\u0142 Karlino to zbieranie do\u015bwiadczenia i pewno\u015bci na boisku. Dzi\u0119kujemy rodzicom za towarzyszenie naszym najm\u0142odszym pi\u0142karzom i doping. ???\u26bd\ufe0f<\/p>\n","category_list_v2":"Bez kategorii","author_info_v2":{"name":"","url":"https:\/\/sport.karlino.pl\/author\/"},"comments_num_v2":"0 comments","_links":{"self":[{"href":"https:\/\/sport.karlino.pl\/index.php\/wp-json\/wp\/v2\/posts\/8458","targetHints":{"allow":["GET"]}}],"collection":[{"href":"https:\/\/sport.karlino.pl\/index.php\/wp-json\/wp\/v2\/posts"}],"about":[{"href":"https:\/\/sport.karlino.pl\/index.php\/wp-json\/wp\/v2\/types\/post"}],"author":[{"embeddable":true,"href":"https:\/\/sport.karlino.pl\/index.php\/wp-json\/wp\/v2\/users\/8"}],"replies":[{"embeddable":true,"href":"https:\/\/sport.karlino.pl\/index.php\/wp-json\/wp\/v2\/comments?post=8458"}],"version-history":[{"count":1,"href":"https:\/\/sport.karlino.pl\/index.php\/wp-json\/wp\/v2\/posts\/8458\/revisions"}],"predecessor-version":[{"id":8459,"href":"https:\/\/sport.karlino.pl\/index.php\/wp-json\/wp\/v2\/posts\/8458\/revisions\/8459"}],"wp:attachment":[{"href":"https:\/\/sport.karlino.pl\/index.php\/wp-json\/wp\/v2\/media?parent=8458"}],"wp:term":[{"taxonomy":"category","embeddable":true,"href":"https:\/\/sport.karlino.pl\/index.php\/wp-json\/wp\/v2\/categories?post=8458"},{"taxonomy":"post_tag","embeddable":true,"href":"https:\/\/sport.karlino.pl\/index.php\/wp-json\/wp\/v2\/tags?post=8458"}],"curies":[{"name":"wp","href":"https:\/\/api.w.org\/{rel}","templated":true}]}}