{"id":8746,"date":"2019-08-05T12:43:09","date_gmt":"2019-08-05T10:43:09","guid":{"rendered":"http:\/\/www.sport.karlino.pl\/?p=8746"},"modified":"2019-08-05T12:43:12","modified_gmt":"2019-08-05T10:43:12","slug":"wakacje-kreda-malowane","status":"publish","type":"post","link":"https:\/\/sport.karlino.pl\/index.php\/2019\/08\/05\/wakacje-kreda-malowane\/","title":{"rendered":"Wakacje kred\u0105 malowane"},"content":{"rendered":"\n<p>Dzisiaj na\nprzystani kajakowej postanowili\u015bmy stworzy\u0107 w\u0142asnor\u0119czne kolorowe malunki\nwykorzystuj\u0105c do tego kolorow\u0105 kred\u0119. Ka\u017cdy znalaz\u0142 sobie odpowiednie miejsce\ndo pracy i rozpocz\u0105\u0142 tw\u00f3rcze malowanie\u2026. <\/p>\n\n\n\n<p>Efektem naszej zabawy by\u0142 pi\u0119knie pomalowany przez dzieci, kolorowy deptak na naszej Przystani Kajakowej Wodnik w Karlinie <br> \u00a0 <\/p>\n\n\n\n<ul class=\"wp-block-gallery columns-3 is-cropped wp-block-gallery-1 is-layout-flex wp-block-gallery-is-layout-flex\"><li class=\"blocks-gallery-item\"><figure><img decoding=\"async\" src=\"http:\/\/www.sport.karlino.pl\/wp-content\/uploads\/2019\/08\/IMG_20190805_113803-768x1024.jpg\" alt=\"\" data-id=\"8750\" data-link=\"http:\/\/www.sport.karlino.pl\/wp-content\/uploads\/2019\/08\/IMG_20190805_113803.jpg\" class=\"wp-image-8750\" \/><\/figure><\/li><li class=\"blocks-gallery-item\"><figure><img decoding=\"async\" src=\"http:\/\/www.sport.karlino.pl\/wp-content\/uploads\/2019\/08\/IMG_20190805_114749-1-768x1024.jpg\" alt=\"\" data-id=\"8751\" data-link=\"http:\/\/www.sport.karlino.pl\/wp-content\/uploads\/2019\/08\/IMG_20190805_114749-1.jpg\" class=\"wp-image-8751\" \/><\/figure><\/li><li class=\"blocks-gallery-item\"><figure><img decoding=\"async\" src=\"http:\/\/www.sport.karlino.pl\/wp-content\/uploads\/2019\/08\/IMG_20190805_114835-1024x768.jpg\" alt=\"\" data-id=\"8752\" data-link=\"http:\/\/www.sport.karlino.pl\/wp-content\/uploads\/2019\/08\/IMG_20190805_114835.jpg\" class=\"wp-image-8752\" \/><\/figure><\/li><\/ul>\n\n\n\n<p>&nbsp; &nbsp; Zabawa w malowanie kred\u0105 po\nchodniku &#8211; to doskona\u0142y pomys\u0142 na aktywne sp\u0119dzanie wolnego czasu na \u015bwie\u017cym\npowietrzu. Podczas rysowania kred\u0105 dzieci usprawniaj\u0105 motoryk\u0119 ma\u0142\u0105, rozwijaj\u0105\nwyobra\u017ani\u0119 i zdolno\u015bci manualne <\/p>\n","protected":false},"excerpt":{"rendered":"<p>Dzisiaj na przystani kajakowej postanowili\u015bmy stworzy\u0107 w\u0142asnor\u0119czne kolorowe malunki wykorzystuj\u0105c do tego kolorow\u0105 kred\u0119. Ka\u017cdy znalaz\u0142 sobie odpowiednie miejsce do pracy i rozpocz\u0105\u0142 tw\u00f3rcze malowanie\u2026. Efektem naszej zabawy by\u0142 pi\u0119knie [&hellip;]<\/p>\n","protected":false},"author":8,"featured_media":0,"comment_status":"closed","ping_status":"closed","sticky":false,"template":"","format":"standard","meta":{"footnotes":""},"categories":[],"tags":[],"class_list":["post-8746","post","type-post","status-publish","format-standard","hentry"],"blocksy_meta":{"styles_descriptor":{"styles":{"desktop":"","tablet":"","mobile":""},"google_fonts":[],"version":6}},"featured_image_urls_v2":{"full":"","thumbnail":"","medium":"","medium_large":"","large":"","1536x1536":"","2048x2048":""},"post_excerpt_stackable_v2":"<p>Dzisiaj na przystani kajakowej postanowili\u015bmy stworzy\u0107 w\u0142asnor\u0119czne kolorowe malunki wykorzystuj\u0105c do tego kolorow\u0105 kred\u0119. Ka\u017cdy znalaz\u0142 sobie odpowiednie miejsce do pracy i rozpocz\u0105\u0142 tw\u00f3rcze malowanie\u2026. Efektem naszej zabawy by\u0142 pi\u0119knie pomalowany przez dzieci, kolorowy deptak na naszej Przystani Kajakowej Wodnik w Karlinie \u00a0 &nbsp; &nbsp; Zabawa w malowanie kred\u0105 po chodniku &#8211; to doskona\u0142y pomys\u0142 na aktywne sp\u0119dzanie wolnego czasu na \u015bwie\u017cym powietrzu. Podczas rysowania kred\u0105 dzieci usprawniaj\u0105 motoryk\u0119 ma\u0142\u0105, rozwijaj\u0105 wyobra\u017ani\u0119 i zdolno\u015bci manualne<\/p>\n","category_list_v2":"Bez kategorii","author_info_v2":{"name":"","url":"https:\/\/sport.karlino.pl\/author\/"},"comments_num_v2":"0 comments","_links":{"self":[{"href":"https:\/\/sport.karlino.pl\/index.php\/wp-json\/wp\/v2\/posts\/8746","targetHints":{"allow":["GET"]}}],"collection":[{"href":"https:\/\/sport.karlino.pl\/index.php\/wp-json\/wp\/v2\/posts"}],"about":[{"href":"https:\/\/sport.karlino.pl\/index.php\/wp-json\/wp\/v2\/types\/post"}],"author":[{"embeddable":true,"href":"https:\/\/sport.karlino.pl\/index.php\/wp-json\/wp\/v2\/users\/8"}],"replies":[{"embeddable":true,"href":"https:\/\/sport.karlino.pl\/index.php\/wp-json\/wp\/v2\/comments?post=8746"}],"version-history":[{"count":1,"href":"https:\/\/sport.karlino.pl\/index.php\/wp-json\/wp\/v2\/posts\/8746\/revisions"}],"predecessor-version":[{"id":8753,"href":"https:\/\/sport.karlino.pl\/index.php\/wp-json\/wp\/v2\/posts\/8746\/revisions\/8753"}],"wp:attachment":[{"href":"https:\/\/sport.karlino.pl\/index.php\/wp-json\/wp\/v2\/media?parent=8746"}],"wp:term":[{"taxonomy":"category","embeddable":true,"href":"https:\/\/sport.karlino.pl\/index.php\/wp-json\/wp\/v2\/categories?post=8746"},{"taxonomy":"post_tag","embeddable":true,"href":"https:\/\/sport.karlino.pl\/index.php\/wp-json\/wp\/v2\/tags?post=8746"}],"curies":[{"name":"wp","href":"https:\/\/api.w.org\/{rel}","templated":true}]}}