{"id":8792,"date":"2019-08-12T16:09:46","date_gmt":"2019-08-12T14:09:46","guid":{"rendered":"http:\/\/www.sport.karlino.pl\/?p=8792"},"modified":"2019-08-12T16:09:48","modified_gmt":"2019-08-12T14:09:48","slug":"wakacyjny-turniej-w-kregle-dla-dzieci-i-mlodziezy","status":"publish","type":"post","link":"https:\/\/sport.karlino.pl\/index.php\/2019\/08\/12\/wakacyjny-turniej-w-kregle-dla-dzieci-i-mlodziezy\/","title":{"rendered":"WAKACYJNY TURNIEJ W KR\u0118GLE DLA DZIECI I M\u0141ODZIE\u017bY"},"content":{"rendered":"\n<p> Dzisiaj o godzine 14:00  w <a href=\"https:\/\/www.facebook.com\/Kr\u0119gielnia-Karlino-507488319694887\/?__tn__=K-R&amp;eid=ARCrm4eYTuZIqoSbLFHjM4HfCP3F-pAI5wH0aKB1OC36I-qqBMmn4QTDgDOV7RYYnTftLJ1dmGlIp3U8&amp;fref=mentions&amp;__xts__%5B0%5D=68.ARBLBlQJ0UMTXzDAB7EVqDzzRaKV8RBF26OdAxbiAQTyxXmKYMj3eRg-AKmdyoHS4qUaIApiQMfssqHhMRpoc5guf1OlT7nFX0BOsYxwdC8gB9dOfki_PVjXkrvqxwfIzUbyxwwt7xso_GxY2YeCqe-p0o1sFLCYjL5Hv9P6Xh8otOdWgRyR3sbS50EiL3MhBBeEnbrBTpD--hTSgZlqPGnjAHAxI38mRBxK_7Gsxj0IKr9E2BY0-VXu_RHVf-1Ykwd9GByiI5ZfAogYw7ic-3BrBDVyj5MacLAMKEiSFjUDjXQEBQQwXJ3dtsbGb3Rggw0QmnNbRu0iB8HNQip-qET0Yw\" target=\"_blank\" rel=\"noopener\">Kr\u0119gielnia Karlino<\/a> rozpocz\u0119li\u015bmy wsp\u00f3ln\u0105 rywalizacje, a przede wszystkim \u015bwietn\u0105 zabaw\u0119, podczas kt\u00f3rej nie brakowa\u0142o emocji.  <br> Dzi\u0119kujemy za przybycie!! \u263a\ufe0f\u263a\ufe0f   <\/p>\n\n\n\n<p> A ju\u017c jutro tj., 13.08.2019 o godzinie 11:00  odb\u0119dzie si\u0119 FESTIWAL BANIEK  <br> miejsce: teren przy Homanit Arena <a href=\"https:\/\/www.facebook.com\/halakarlino\/?__tn__=K-R&amp;eid=ARDaP7e6REnP595wlo1tgR98NlPRDmiLonVcFEcxLlP4cnIVBn-pOgW_4plaHDz_0PHg-hFI6RVs7Fli&amp;fref=mentions&amp;__xts__%5B0%5D=68.ARBLBlQJ0UMTXzDAB7EVqDzzRaKV8RBF26OdAxbiAQTyxXmKYMj3eRg-AKmdyoHS4qUaIApiQMfssqHhMRpoc5guf1OlT7nFX0BOsYxwdC8gB9dOfki_PVjXkrvqxwfIzUbyxwwt7xso_GxY2YeCqe-p0o1sFLCYjL5Hv9P6Xh8otOdWgRyR3sbS50EiL3MhBBeEnbrBTpD--hTSgZlqPGnjAHAxI38mRBxK_7Gsxj0IKr9E2BY0-VXu_RHVf-1Ykwd9GByiI5ZfAogYw7ic-3BrBDVyj5MacLAMKEiSFjUDjXQEBQQwXJ3dtsbGb3Rggw0QmnNbRu0iB8HNQip-qET0Yw\" target=\"_blank\" rel=\"noopener\">Regionalne Centrum Turystyki i Sportu w Karlinie<\/a>  <br> <a href=\"https:\/\/www.facebook.com\/KarlinoGminazEnergia\/?__tn__=K-R&amp;eid=ARB1GLSjkCpcsEJQLBnIYX4fsoXbwVA3CU2Aoyd32g9RSAIFn5ithDFzkgg-qMwnoHixqD-luHdrJLmH&amp;fref=mentions&amp;__xts__%5B0%5D=68.ARBLBlQJ0UMTXzDAB7EVqDzzRaKV8RBF26OdAxbiAQTyxXmKYMj3eRg-AKmdyoHS4qUaIApiQMfssqHhMRpoc5guf1OlT7nFX0BOsYxwdC8gB9dOfki_PVjXkrvqxwfIzUbyxwwt7xso_GxY2YeCqe-p0o1sFLCYjL5Hv9P6Xh8otOdWgRyR3sbS50EiL3MhBBeEnbrBTpD--hTSgZlqPGnjAHAxI38mRBxK_7Gsxj0IKr9E2BY0-VXu_RHVf-1Ykwd9GByiI5ZfAogYw7ic-3BrBDVyj5MacLAMKEiSFjUDjXQEBQQwXJ3dtsbGb3Rggw0QmnNbRu0iB8HNQip-qET0Yw\" target=\"_blank\" rel=\"noopener\">Karlino &#8211; Gmina z Energi\u0105<\/a><\/p>\n\n\n\n<ul class=\"wp-block-gallery columns-3 is-cropped wp-block-gallery-1 is-layout-flex wp-block-gallery-is-layout-flex\"><li class=\"blocks-gallery-item\"><figure><img decoding=\"async\" src=\"http:\/\/www.sport.karlino.pl\/wp-content\/uploads\/2019\/08\/IMG_20190812_145213-1024x768.jpg\" alt=\"\" data-id=\"8796\" data-link=\"http:\/\/www.sport.karlino.pl\/?attachment_id=8796\" class=\"wp-image-8796\" \/><\/figure><\/li><li class=\"blocks-gallery-item\"><figure><img decoding=\"async\" src=\"http:\/\/www.sport.karlino.pl\/wp-content\/uploads\/2019\/08\/IMG_20190812_145131-1024x768.jpg\" alt=\"\" data-id=\"8795\" data-link=\"http:\/\/www.sport.karlino.pl\/?attachment_id=8795\" class=\"wp-image-8795\" \/><\/figure><\/li><li class=\"blocks-gallery-item\"><figure><img decoding=\"async\" src=\"http:\/\/www.sport.karlino.pl\/wp-content\/uploads\/2019\/08\/IMG_20190812_145046-1024x768.jpg\" alt=\"\" data-id=\"8794\" data-link=\"http:\/\/www.sport.karlino.pl\/?attachment_id=8794\" class=\"wp-image-8794\" \/><\/figure><\/li><li class=\"blocks-gallery-item\"><figure><img decoding=\"async\" src=\"http:\/\/www.sport.karlino.pl\/wp-content\/uploads\/2019\/08\/IMG_20190812_145031-1024x768.jpg\" alt=\"\" data-id=\"8793\" data-link=\"http:\/\/www.sport.karlino.pl\/?attachment_id=8793\" class=\"wp-image-8793\" \/><\/figure><\/li><\/ul>\n","protected":false},"excerpt":{"rendered":"<p>Dzisiaj o godzine 14:00 w Kr\u0119gielnia Karlino rozpocz\u0119li\u015bmy wsp\u00f3ln\u0105 rywalizacje, a przede wszystkim \u015bwietn\u0105 zabaw\u0119, podczas kt\u00f3rej nie brakowa\u0142o emocji. Dzi\u0119kujemy za przybycie!! \u263a\ufe0f\u263a\ufe0f A ju\u017c jutro tj., 13.08.2019 o [&hellip;]<\/p>\n","protected":false},"author":8,"featured_media":0,"comment_status":"closed","ping_status":"closed","sticky":false,"template":"","format":"standard","meta":{"footnotes":""},"categories":[],"tags":[],"class_list":["post-8792","post","type-post","status-publish","format-standard","hentry"],"blocksy_meta":{"styles_descriptor":{"styles":{"desktop":"","tablet":"","mobile":""},"google_fonts":[],"version":6}},"featured_image_urls_v2":{"full":"","thumbnail":"","medium":"","medium_large":"","large":"","1536x1536":"","2048x2048":""},"post_excerpt_stackable_v2":"<p>Dzisiaj o godzine 14:00 w Kr\u0119gielnia Karlino rozpocz\u0119li\u015bmy wsp\u00f3ln\u0105 rywalizacje, a przede wszystkim \u015bwietn\u0105 zabaw\u0119, podczas kt\u00f3rej nie brakowa\u0142o emocji. Dzi\u0119kujemy za przybycie!! \u263a\ufe0f\u263a\ufe0f A ju\u017c jutro tj., 13.08.2019 o godzinie 11:00 odb\u0119dzie si\u0119 FESTIWAL BANIEK miejsce: teren przy Homanit Arena Regionalne Centrum Turystyki i Sportu w Karlinie Karlino &#8211; Gmina z Energi\u0105<\/p>\n","category_list_v2":"Bez kategorii","author_info_v2":{"name":"","url":"https:\/\/sport.karlino.pl\/author\/"},"comments_num_v2":"0 comments","_links":{"self":[{"href":"https:\/\/sport.karlino.pl\/index.php\/wp-json\/wp\/v2\/posts\/8792","targetHints":{"allow":["GET"]}}],"collection":[{"href":"https:\/\/sport.karlino.pl\/index.php\/wp-json\/wp\/v2\/posts"}],"about":[{"href":"https:\/\/sport.karlino.pl\/index.php\/wp-json\/wp\/v2\/types\/post"}],"author":[{"embeddable":true,"href":"https:\/\/sport.karlino.pl\/index.php\/wp-json\/wp\/v2\/users\/8"}],"replies":[{"embeddable":true,"href":"https:\/\/sport.karlino.pl\/index.php\/wp-json\/wp\/v2\/comments?post=8792"}],"version-history":[{"count":1,"href":"https:\/\/sport.karlino.pl\/index.php\/wp-json\/wp\/v2\/posts\/8792\/revisions"}],"predecessor-version":[{"id":8798,"href":"https:\/\/sport.karlino.pl\/index.php\/wp-json\/wp\/v2\/posts\/8792\/revisions\/8798"}],"wp:attachment":[{"href":"https:\/\/sport.karlino.pl\/index.php\/wp-json\/wp\/v2\/media?parent=8792"}],"wp:term":[{"taxonomy":"category","embeddable":true,"href":"https:\/\/sport.karlino.pl\/index.php\/wp-json\/wp\/v2\/categories?post=8792"},{"taxonomy":"post_tag","embeddable":true,"href":"https:\/\/sport.karlino.pl\/index.php\/wp-json\/wp\/v2\/tags?post=8792"}],"curies":[{"name":"wp","href":"https:\/\/api.w.org\/{rel}","templated":true}]}}