{"id":8846,"date":"2019-09-10T16:23:29","date_gmt":"2019-09-10T14:23:29","guid":{"rendered":"http:\/\/www.sport.karlino.pl\/?p=8846"},"modified":"2019-09-20T16:26:47","modified_gmt":"2019-09-20T14:26:47","slug":"najsilniejsi-karliniacy","status":"publish","type":"post","link":"https:\/\/sport.karlino.pl\/index.php\/2019\/09\/10\/najsilniejsi-karliniacy\/","title":{"rendered":"NAJSILNIEJSI KARLINIACY"},"content":{"rendered":"\n<p> Podczas imprezy na zako\u0144czenia lata na Przystani Kajakowej tj. \npodczas Zak\u0142adowego Turnieju Sportowego przeprowadzili\u015bmy konkurencje \ndla najsilniejszych, tj. wyciskanie sztangi i podci\u0105ganie na dr\u0105\u017cku. <\/p>\n\n\n\n<p> Najsilniejsi w <a href=\"https:\/\/www.facebook.com\/KarlinoGminazEnergia\/?fref=mentions&amp;__xts__%5B0%5D=68.ARAnfD1DXDjOIIMdFq4Aci9DeIp0iY71cwGMThEVozDm5NaOt9txbnPevI0BqF2qWea-kvcKsQV__DEWpVP8oOnvTH7ExgZCvAHN7zl23k5ejC6ZrtTaNsPynp11WxZ2NM5mkYCD5fgmwpj7ERzPVd4JhgQiH8C5KOXo20wfosmTwI9BOHERBGoVqh63eBar9PePnSWbs1qcbOW156IAP7j9bIqDN57osZBV5XgyHwew5XhJbHe1Ul5RjA_yWO5Scs4qsuOOPHLX7raMZ4zccq-VGZupyBngp8d23YBi8SUVA0I6BLRWC5pFxzq_dnaWcpWjWsoS54310KMQU89U2DLkAX6jqjiyNFRtyRTpG5C0IXwKOnHIsdmWJtt_dbDLXr7epkJTBAKd1Rnyao_yC_BUCeCqTlIM28M1v2ajBheJehU&amp;__tn__=K-R\" target=\"_blank\" rel=\"noopener\">Karlino &#8211; Gmina z Energi\u0105<\/a> to: <\/p>\n\n\n\n<p> Podci\u0105ganie  na dr\u0105\u017cku <br> I miejsce Micha\u0142 Kowalczyk &#8211; 30 <br> II miejsce Grzegorz Michalak -19 <br> III miejsce Damian Niedbalski &#8211; 18 <\/p>\n\n\n\n<p> Wyciskanie sztangi:<\/p>\n\n\n\n<p> I miejsce Piotr Szyd\u0142owski &#8211; 140 kg <br> II miejsce Tomasz Gajewski &#8211; 130 kg <br> III miejsce  Bart\u0142omiej Sosi\u0144ski &#8211; 115 kg.<\/p>\n\n\n\n<p> Najsilniejszym gratulujemy.<br> Przypominamy, \u017ce w Homanit Arena &#8211; <a href=\"https:\/\/www.facebook.com\/halakarlino\/?fref=mentions&amp;__xts__%5B0%5D=68.ARAnfD1DXDjOIIMdFq4Aci9DeIp0iY71cwGMThEVozDm5NaOt9txbnPevI0BqF2qWea-kvcKsQV__DEWpVP8oOnvTH7ExgZCvAHN7zl23k5ejC6ZrtTaNsPynp11WxZ2NM5mkYCD5fgmwpj7ERzPVd4JhgQiH8C5KOXo20wfosmTwI9BOHERBGoVqh63eBar9PePnSWbs1qcbOW156IAP7j9bIqDN57osZBV5XgyHwew5XhJbHe1Ul5RjA_yWO5Scs4qsuOOPHLX7raMZ4zccq-VGZupyBngp8d23YBi8SUVA0I6BLRWC5pFxzq_dnaWcpWjWsoS54310KMQU89U2DLkAX6jqjiyNFRtyRTpG5C0IXwKOnHIsdmWJtt_dbDLXr7epkJTBAKd1Rnyao_yC_BUCeCqTlIM28M1v2ajBheJehU&amp;__tn__=K-R\" target=\"_blank\" rel=\"noopener\">Regionalne Centrum Turystyki i Sportu w Karlinie<\/a> bez problemu zdob\u0119dziesz form\u0119! <\/p>\n\n\n\n<p> Jak? zapraszamy do <a href=\"https:\/\/www.facebook.com\/Si\u0142ownia-Karlino-333347370910193\/?fref=mentions&amp;__xts__%5B0%5D=68.ARAnfD1DXDjOIIMdFq4Aci9DeIp0iY71cwGMThEVozDm5NaOt9txbnPevI0BqF2qWea-kvcKsQV__DEWpVP8oOnvTH7ExgZCvAHN7zl23k5ejC6ZrtTaNsPynp11WxZ2NM5mkYCD5fgmwpj7ERzPVd4JhgQiH8C5KOXo20wfosmTwI9BOHERBGoVqh63eBar9PePnSWbs1qcbOW156IAP7j9bIqDN57osZBV5XgyHwew5XhJbHe1Ul5RjA_yWO5Scs4qsuOOPHLX7raMZ4zccq-VGZupyBngp8d23YBi8SUVA0I6BLRWC5pFxzq_dnaWcpWjWsoS54310KMQU89U2DLkAX6jqjiyNFRtyRTpG5C0IXwKOnHIsdmWJtt_dbDLXr7epkJTBAKd1Rnyao_yC_BUCeCqTlIM28M1v2ajBheJehU&amp;__tn__=K-R\" target=\"_blank\" rel=\"noopener\">Si\u0142ownia Karlino<\/a>.<br> Czynne 7 dni w tygodniu.<\/p>\n\n\n\n<p> Do zobaczenia. <\/p>\n\n\n\n<p> Czy 140 kg to pu\u0142ap do pokonania? Kto podejmuje wyzwanie i przebije najsilniejszego w <a href=\"https:\/\/www.facebook.com\/KarlinoGminazEnergia\/?fref=mentions&amp;__xts__%5B0%5D=68.ARAnfD1DXDjOIIMdFq4Aci9DeIp0iY71cwGMThEVozDm5NaOt9txbnPevI0BqF2qWea-kvcKsQV__DEWpVP8oOnvTH7ExgZCvAHN7zl23k5ejC6ZrtTaNsPynp11WxZ2NM5mkYCD5fgmwpj7ERzPVd4JhgQiH8C5KOXo20wfosmTwI9BOHERBGoVqh63eBar9PePnSWbs1qcbOW156IAP7j9bIqDN57osZBV5XgyHwew5XhJbHe1Ul5RjA_yWO5Scs4qsuOOPHLX7raMZ4zccq-VGZupyBngp8d23YBi8SUVA0I6BLRWC5pFxzq_dnaWcpWjWsoS54310KMQU89U2DLkAX6jqjiyNFRtyRTpG5C0IXwKOnHIsdmWJtt_dbDLXr7epkJTBAKd1Rnyao_yC_BUCeCqTlIM28M1v2ajBheJehU&amp;__tn__=K-R\" target=\"_blank\" rel=\"noopener\">Karlino &#8211; Gmina z Energi\u0105<\/a>? ?\ufe0f\u200d\u2640\ufe0f?\ufe0f\u200d\u2642\ufe0f<\/p>\n\n\n\n<figure class=\"wp-block-image\"><img decoding=\"async\" src=\"http:\/\/www.sport.karlino.pl\/wp-content\/uploads\/2019\/09\/69767295_2399881230109303_6460547183111307264_n.jpg\" alt=\"\" class=\"wp-image-8848\" \/><\/figure>\n\n\n\n<p> Zatem, zaczynamy?\ufe0f\u200d\u2642\ufe0f?\ufe0f\u200d\u2642\ufe0f?\ufe0f\u200d\u2642\ufe0f<\/p>\n","protected":false},"excerpt":{"rendered":"<p>Podczas imprezy na zako\u0144czenia lata na Przystani Kajakowej tj. podczas Zak\u0142adowego Turnieju Sportowego przeprowadzili\u015bmy konkurencje dla najsilniejszych, tj. wyciskanie sztangi i podci\u0105ganie na dr\u0105\u017cku. Najsilniejsi w Karlino &#8211; Gmina z [&hellip;]<\/p>\n","protected":false},"author":8,"featured_media":0,"comment_status":"closed","ping_status":"closed","sticky":false,"template":"","format":"standard","meta":{"footnotes":""},"categories":[],"tags":[],"class_list":["post-8846","post","type-post","status-publish","format-standard","hentry"],"blocksy_meta":{"styles_descriptor":{"styles":{"desktop":"","tablet":"","mobile":""},"google_fonts":[],"version":6}},"featured_image_urls_v2":{"full":"","thumbnail":"","medium":"","medium_large":"","large":"","1536x1536":"","2048x2048":""},"post_excerpt_stackable_v2":"<p>Podczas imprezy na zako\u0144czenia lata na Przystani Kajakowej tj. podczas Zak\u0142adowego Turnieju Sportowego przeprowadzili\u015bmy konkurencje dla najsilniejszych, tj. wyciskanie sztangi i podci\u0105ganie na dr\u0105\u017cku. Najsilniejsi w Karlino &#8211; Gmina z Energi\u0105 to: Podci\u0105ganie na dr\u0105\u017cku I miejsce Micha\u0142 Kowalczyk &#8211; 30 II miejsce Grzegorz Michalak -19 III miejsce Damian Niedbalski &#8211; 18 Wyciskanie sztangi: I miejsce Piotr Szyd\u0142owski &#8211; 140 kg II miejsce Tomasz Gajewski &#8211; 130 kg III miejsce Bart\u0142omiej Sosi\u0144ski &#8211; 115 kg. Najsilniejszym gratulujemy. Przypominamy, \u017ce w Homanit Arena &#8211; Regionalne Centrum Turystyki i Sportu w Karlinie bez problemu zdob\u0119dziesz form\u0119! Jak? zapraszamy do Si\u0142ownia Karlino. Czynne&hellip;<\/p>\n","category_list_v2":"Bez kategorii","author_info_v2":{"name":"","url":"https:\/\/sport.karlino.pl\/author\/"},"comments_num_v2":"0 comments","_links":{"self":[{"href":"https:\/\/sport.karlino.pl\/index.php\/wp-json\/wp\/v2\/posts\/8846","targetHints":{"allow":["GET"]}}],"collection":[{"href":"https:\/\/sport.karlino.pl\/index.php\/wp-json\/wp\/v2\/posts"}],"about":[{"href":"https:\/\/sport.karlino.pl\/index.php\/wp-json\/wp\/v2\/types\/post"}],"author":[{"embeddable":true,"href":"https:\/\/sport.karlino.pl\/index.php\/wp-json\/wp\/v2\/users\/8"}],"replies":[{"embeddable":true,"href":"https:\/\/sport.karlino.pl\/index.php\/wp-json\/wp\/v2\/comments?post=8846"}],"version-history":[{"count":1,"href":"https:\/\/sport.karlino.pl\/index.php\/wp-json\/wp\/v2\/posts\/8846\/revisions"}],"predecessor-version":[{"id":8850,"href":"https:\/\/sport.karlino.pl\/index.php\/wp-json\/wp\/v2\/posts\/8846\/revisions\/8850"}],"wp:attachment":[{"href":"https:\/\/sport.karlino.pl\/index.php\/wp-json\/wp\/v2\/media?parent=8846"}],"wp:term":[{"taxonomy":"category","embeddable":true,"href":"https:\/\/sport.karlino.pl\/index.php\/wp-json\/wp\/v2\/categories?post=8846"},{"taxonomy":"post_tag","embeddable":true,"href":"https:\/\/sport.karlino.pl\/index.php\/wp-json\/wp\/v2\/tags?post=8846"}],"curies":[{"name":"wp","href":"https:\/\/api.w.org\/{rel}","templated":true}]}}