{"id":8990,"date":"2019-09-21T17:37:14","date_gmt":"2019-09-21T15:37:14","guid":{"rendered":"http:\/\/www.sport.karlino.pl\/?p=8990"},"modified":"2019-09-29T17:48:35","modified_gmt":"2019-09-29T15:48:35","slug":"wygrana-trampkarzy","status":"publish","type":"post","link":"https:\/\/sport.karlino.pl\/index.php\/2019\/09\/21\/wygrana-trampkarzy\/","title":{"rendered":"WYGRANA TRAMPKARZY"},"content":{"rendered":"\n<p> W pi\u0105tkowe popo\u0142udnie nasi TRAMPKARZE &#8211; pi\u0142karze <a href=\"https:\/\/www.facebook.com\/MKS-Sok\u00f3\u0142-Karlino-1644506705829057\/?fref=mentions&amp;__xts__%5B0%5D=68.ARDZNzWxVSqsC9XWyDbEDaK0_FgVYKgvSK-grNnaXjiqUSHeJqZYFDj6GWb876YpOmSp-UZ-TnbKzZOsgurz6W-b2ONq3SU4eTJuSfftNaN3UZ3hV_wwzMvS-zXg2bvv9LG-YV_Ed810Uqg667ch-plQ7iwzv5QWgpjpKs1MGklcIr_jQa1acJENirdPXDWCg5442p19ETZW3hddlBDZk1olt6-7j7PLsRM8mM0PSfWaHBdU3ZtoY0Q9iL8ji0dCHYTj46uaRNNzhsTUaVwrWVv4ZW9jlPpKM_0FoPWavnbTfwd5B3z-zy423srmqgVc5GHQqABHCLwdj4o_8U1BXDFTbA&amp;__tn__=K-R\" target=\"_blank\" rel=\"noopener\">MKS Sok\u00f3\u0142 Karlino<\/a> rozegrali na wyje\u017adzie zwyci\u0119ski spotkanie z Olimpem Go\u015bcino. <\/p>\n\n\n\n<p>\n Podopieczni trenera Tomasza Sobkowicza od pocz\u0105tku przej\u0119li pe\u0142n\u0105 \nkontrol\u0119 nad meczem i nie dopu\u015bcili do straty bramki, sami za\u015b pos\u0142ali \npi\u0142k\u0119 do bramki gospodarzy a\u017c siedmiokrotnie! <\/p>\n\n\n\n<p> Spotkanie zako\u0144czy\u0142o si\u0119 7:0 dla <a href=\"https:\/\/www.facebook.com\/KarlinoGminazEnergia\/?fref=mentions&amp;__xts__%5B0%5D=68.ARDZNzWxVSqsC9XWyDbEDaK0_FgVYKgvSK-grNnaXjiqUSHeJqZYFDj6GWb876YpOmSp-UZ-TnbKzZOsgurz6W-b2ONq3SU4eTJuSfftNaN3UZ3hV_wwzMvS-zXg2bvv9LG-YV_Ed810Uqg667ch-plQ7iwzv5QWgpjpKs1MGklcIr_jQa1acJENirdPXDWCg5442p19ETZW3hddlBDZk1olt6-7j7PLsRM8mM0PSfWaHBdU3ZtoY0Q9iL8ji0dCHYTj46uaRNNzhsTUaVwrWVv4ZW9jlPpKM_0FoPWavnbTfwd5B3z-zy423srmqgVc5GHQqABHCLwdj4o_8U1BXDFTbA&amp;__tn__=K-R\" target=\"_blank\" rel=\"noopener\">Karlino &#8211; Gmina z Energi\u0105<\/a>.<br> Bramki dla <a href=\"https:\/\/www.facebook.com\/MKS-Sok\u00f3\u0142-Karlino-1644506705829057\/?fref=mentions&amp;__xts__%5B0%5D=68.ARDZNzWxVSqsC9XWyDbEDaK0_FgVYKgvSK-grNnaXjiqUSHeJqZYFDj6GWb876YpOmSp-UZ-TnbKzZOsgurz6W-b2ONq3SU4eTJuSfftNaN3UZ3hV_wwzMvS-zXg2bvv9LG-YV_Ed810Uqg667ch-plQ7iwzv5QWgpjpKs1MGklcIr_jQa1acJENirdPXDWCg5442p19ETZW3hddlBDZk1olt6-7j7PLsRM8mM0PSfWaHBdU3ZtoY0Q9iL8ji0dCHYTj46uaRNNzhsTUaVwrWVv4ZW9jlPpKM_0FoPWavnbTfwd5B3z-zy423srmqgVc5GHQqABHCLwdj4o_8U1BXDFTbA&amp;__tn__=K-R\" target=\"_blank\" rel=\"noopener\">MKS Sok\u00f3\u0142 Karlino<\/a> strzelili:<\/p>\n\n\n\n<p> Filip Kotala &#8211; 3<br> Szymon Kulesza &#8211; 2<br> Igor Marzec &#8211; 1<br> Damian Sandomierski &#8211; 1. <\/p>\n\n\n\n<p> Gratulujemy. ????<\/p>\n","protected":false},"excerpt":{"rendered":"<p>W pi\u0105tkowe popo\u0142udnie nasi TRAMPKARZE &#8211; pi\u0142karze MKS Sok\u00f3\u0142 Karlino rozegrali na wyje\u017adzie zwyci\u0119ski spotkanie z Olimpem Go\u015bcino. Podopieczni trenera Tomasza Sobkowicza od pocz\u0105tku przej\u0119li pe\u0142n\u0105 kontrol\u0119 nad meczem i [&hellip;]<\/p>\n","protected":false},"author":8,"featured_media":0,"comment_status":"closed","ping_status":"closed","sticky":false,"template":"","format":"standard","meta":{"footnotes":""},"categories":[],"tags":[],"class_list":["post-8990","post","type-post","status-publish","format-standard","hentry"],"blocksy_meta":{"styles_descriptor":{"styles":{"desktop":"","tablet":"","mobile":""},"google_fonts":[],"version":6}},"featured_image_urls_v2":{"full":"","thumbnail":"","medium":"","medium_large":"","large":"","1536x1536":"","2048x2048":""},"post_excerpt_stackable_v2":"<p>W pi\u0105tkowe popo\u0142udnie nasi TRAMPKARZE &#8211; pi\u0142karze MKS Sok\u00f3\u0142 Karlino rozegrali na wyje\u017adzie zwyci\u0119ski spotkanie z Olimpem Go\u015bcino. Podopieczni trenera Tomasza Sobkowicza od pocz\u0105tku przej\u0119li pe\u0142n\u0105 kontrol\u0119 nad meczem i nie dopu\u015bcili do straty bramki, sami za\u015b pos\u0142ali pi\u0142k\u0119 do bramki gospodarzy a\u017c siedmiokrotnie! Spotkanie zako\u0144czy\u0142o si\u0119 7:0 dla Karlino &#8211; Gmina z Energi\u0105. Bramki dla MKS Sok\u00f3\u0142 Karlino strzelili: Filip Kotala &#8211; 3 Szymon Kulesza &#8211; 2 Igor Marzec &#8211; 1 Damian Sandomierski &#8211; 1. Gratulujemy. ????<\/p>\n","category_list_v2":"Bez kategorii","author_info_v2":{"name":"","url":"https:\/\/sport.karlino.pl\/author\/"},"comments_num_v2":"0 comments","_links":{"self":[{"href":"https:\/\/sport.karlino.pl\/index.php\/wp-json\/wp\/v2\/posts\/8990","targetHints":{"allow":["GET"]}}],"collection":[{"href":"https:\/\/sport.karlino.pl\/index.php\/wp-json\/wp\/v2\/posts"}],"about":[{"href":"https:\/\/sport.karlino.pl\/index.php\/wp-json\/wp\/v2\/types\/post"}],"author":[{"embeddable":true,"href":"https:\/\/sport.karlino.pl\/index.php\/wp-json\/wp\/v2\/users\/8"}],"replies":[{"embeddable":true,"href":"https:\/\/sport.karlino.pl\/index.php\/wp-json\/wp\/v2\/comments?post=8990"}],"version-history":[{"count":1,"href":"https:\/\/sport.karlino.pl\/index.php\/wp-json\/wp\/v2\/posts\/8990\/revisions"}],"predecessor-version":[{"id":8992,"href":"https:\/\/sport.karlino.pl\/index.php\/wp-json\/wp\/v2\/posts\/8990\/revisions\/8992"}],"wp:attachment":[{"href":"https:\/\/sport.karlino.pl\/index.php\/wp-json\/wp\/v2\/media?parent=8990"}],"wp:term":[{"taxonomy":"category","embeddable":true,"href":"https:\/\/sport.karlino.pl\/index.php\/wp-json\/wp\/v2\/categories?post=8990"},{"taxonomy":"post_tag","embeddable":true,"href":"https:\/\/sport.karlino.pl\/index.php\/wp-json\/wp\/v2\/tags?post=8990"}],"curies":[{"name":"wp","href":"https:\/\/api.w.org\/{rel}","templated":true}]}}