{"id":9257,"date":"2019-10-10T10:56:19","date_gmt":"2019-10-10T08:56:19","guid":{"rendered":"http:\/\/www.sport.karlino.pl\/?p=9257"},"modified":"2019-10-14T11:01:43","modified_gmt":"2019-10-14T09:01:43","slug":"mistrzostwa-powiatu-szkol-ponadgimnazjalnych-w-pilce-noznej-chlopcow-i-dziewczat-tzw-licealiada","status":"publish","type":"post","link":"https:\/\/sport.karlino.pl\/index.php\/2019\/10\/10\/mistrzostwa-powiatu-szkol-ponadgimnazjalnych-w-pilce-noznej-chlopcow-i-dziewczat-tzw-licealiada\/","title":{"rendered":"Mistrzostwa Powiatu Szk\u00f3\u0142 Ponadgimnazjalnych w pi\u0142ce no\u017cnej ch\u0142opc\u00f3w i dziewcz\u0105t tzw. LICEALIADA"},"content":{"rendered":"\n<p>08.10.2019 r. na terenie naszych obiekt\u00f3w sportowych odby\u0142y si\u0119 Mistrzostwa Powiatu Szk\u00f3\u0142 Ponadgimnazjalnych w pi\u0142ce no\u017cnej ch\u0142opc\u00f3w i dziewcz\u0105t. Gospodarzem by\u0142&nbsp;<a href=\"https:\/\/www.facebook.com\/zskarlino\/?fref=mentions&amp;__xts__%5B0%5D=68.ARD69Tjo--s_Fc0e1SoCxpfui2gDAs0wtCBBegt9AsOamnG2-MV402-quXlMMzxpBb27qzfLJm9kT05l31FsrW_dQsB3tlIyy4VSoDCjwA1ENffPodI-4VYiGY4X0cNFSrM5LcibKBgRTSRApmJIGtfH7l-UrOV95x28oLSlXIE41tvclhiGzjmCpwDjKP1uUA70BBDWOEC_utMfET2UrZolNk2sXcTrpYCE9ye1056bF-mGTSIs5oCBVo-BGmHrTFCzAx57zQDbi93BFKpuiuONNho5h-V0MK4QryPoQeitLCV3JBYPtXP2GbpdocMf72GhJ7abF1WG9ywUXs6HDcJEjQL-vYVUu5C1wgcg_3n_X4J7IpzN24ujKH_uZgrkUgZtaMlS0DHqJRqTInBuhPhGmgxwX7srOBgZZHJ8Eb5ntGQ&amp;__tn__=K-R\" target=\"_blank\" rel=\"noopener\">Zesp\u00f3\u0142 Szk\u00f3\u0142 w Karlinie<\/a>.<\/p>\n\n\n\n<p>Po trudnych rozgrywkach przy niesprzyjaj\u0105cej aurze uzyskano nast\u0119puj\u0105ce wyniki:<\/p>\n\n\n\n<p>DZIEWCZ\u0118TA:<br>I miejsce &#8211; ZS Tychowo<br>II miejsce &#8211; ZS Bia\u0142ogard<br>III miejsce &#8211; SUKCES Bia\u0142ogard<br>IV miejsce &#8211;&nbsp;<a href=\"https:\/\/www.facebook.com\/zskarlino\/?fref=mentions&amp;__xts__%5B0%5D=68.ARD69Tjo--s_Fc0e1SoCxpfui2gDAs0wtCBBegt9AsOamnG2-MV402-quXlMMzxpBb27qzfLJm9kT05l31FsrW_dQsB3tlIyy4VSoDCjwA1ENffPodI-4VYiGY4X0cNFSrM5LcibKBgRTSRApmJIGtfH7l-UrOV95x28oLSlXIE41tvclhiGzjmCpwDjKP1uUA70BBDWOEC_utMfET2UrZolNk2sXcTrpYCE9ye1056bF-mGTSIs5oCBVo-BGmHrTFCzAx57zQDbi93BFKpuiuONNho5h-V0MK4QryPoQeitLCV3JBYPtXP2GbpdocMf72GhJ7abF1WG9ywUXs6HDcJEjQL-vYVUu5C1wgcg_3n_X4J7IpzN24ujKH_uZgrkUgZtaMlS0DHqJRqTInBuhPhGmgxwX7srOBgZZHJ8Eb5ntGQ&amp;__tn__=K-R\" target=\"_blank\" rel=\"noopener\">Zesp\u00f3\u0142 Szk\u00f3\u0142 w Karlinie<\/a><br>V miejsce &#8211; LO Bia\u0142ogard<\/p>\n\n\n\n<p>CH\u0141OPCY<br>I miejcie &#8211;&nbsp;<a href=\"https:\/\/www.facebook.com\/zskarlino\/?fref=mentions&amp;__xts__%5B0%5D=68.ARD69Tjo--s_Fc0e1SoCxpfui2gDAs0wtCBBegt9AsOamnG2-MV402-quXlMMzxpBb27qzfLJm9kT05l31FsrW_dQsB3tlIyy4VSoDCjwA1ENffPodI-4VYiGY4X0cNFSrM5LcibKBgRTSRApmJIGtfH7l-UrOV95x28oLSlXIE41tvclhiGzjmCpwDjKP1uUA70BBDWOEC_utMfET2UrZolNk2sXcTrpYCE9ye1056bF-mGTSIs5oCBVo-BGmHrTFCzAx57zQDbi93BFKpuiuONNho5h-V0MK4QryPoQeitLCV3JBYPtXP2GbpdocMf72GhJ7abF1WG9ywUXs6HDcJEjQL-vYVUu5C1wgcg_3n_X4J7IpzN24ujKH_uZgrkUgZtaMlS0DHqJRqTInBuhPhGmgxwX7srOBgZZHJ8Eb5ntGQ&amp;__tn__=K-R\" target=\"_blank\" rel=\"noopener\">Zesp\u00f3\u0142 Szk\u00f3\u0142 w Karlinie<\/a><br>II miejsce &#8211; ZS Bia\u0142ogard<br>III miejsce &#8211; ZS Tychowo<br>IV miejsce &#8211; LO Bia\u0142ogard<\/p>\n\n\n\n<p>Zwyci\u0119zcy reprezentowa\u0107 b\u0119d\u0105 nasz powiat w kolejnym &#8211; regionalnym etapie. A ju\u017c dzisiaj (tj. czwartek) od godz. 10.00 zmagania reprezentant\u00f3w szk\u00f3\u0142 podstawowych.<\/p>\n\n\n\n<ul class=\"wp-block-gallery columns-3 is-cropped wp-block-gallery-1 is-layout-flex wp-block-gallery-is-layout-flex\"><li class=\"blocks-gallery-item\"><figure><img decoding=\"async\" src=\"http:\/\/www.sport.karlino.pl\/wp-content\/uploads\/2019\/10\/71948766_2455545071209585_7489806971424473088_o-1024x768.jpg\" alt=\"\" data-id=\"9259\" data-link=\"http:\/\/www.sport.karlino.pl\/?attachment_id=9259\" class=\"wp-image-9259\" \/><\/figure><\/li><li class=\"blocks-gallery-item\"><figure><img decoding=\"async\" src=\"http:\/\/www.sport.karlino.pl\/wp-content\/uploads\/2019\/10\/72039108_2455545474542878_4785178817167622144_o-1024x768.jpg\" alt=\"\" data-id=\"9260\" data-link=\"http:\/\/www.sport.karlino.pl\/?attachment_id=9260\" class=\"wp-image-9260\" \/><\/figure><\/li><li class=\"blocks-gallery-item\"><figure><img decoding=\"async\" src=\"http:\/\/www.sport.karlino.pl\/wp-content\/uploads\/2019\/10\/72323061_2455544731209619_3079122342958333952_o-1-1024x768.jpg\" alt=\"\" data-id=\"9261\" data-link=\"http:\/\/www.sport.karlino.pl\/?attachment_id=9261\" class=\"wp-image-9261\" \/><\/figure><\/li><li class=\"blocks-gallery-item\"><figure><img decoding=\"async\" src=\"http:\/\/www.sport.karlino.pl\/wp-content\/uploads\/2019\/10\/72323061_2455544731209619_3079122342958333952_o-2-1024x768.jpg\" alt=\"\" data-id=\"9262\" data-link=\"http:\/\/www.sport.karlino.pl\/?attachment_id=9262\" class=\"wp-image-9262\" \/><\/figure><\/li><li class=\"blocks-gallery-item\"><figure><img decoding=\"async\" src=\"http:\/\/www.sport.karlino.pl\/wp-content\/uploads\/2019\/10\/72461925_2455545831209509_3159363443128008704_o-1024x768.jpg\" alt=\"\" data-id=\"9263\" data-link=\"http:\/\/www.sport.karlino.pl\/?attachment_id=9263\" class=\"wp-image-9263\" \/><\/figure><\/li><li class=\"blocks-gallery-item\"><figure><img decoding=\"async\" src=\"http:\/\/www.sport.karlino.pl\/wp-content\/uploads\/2019\/10\/72558008_2455544791209613_7583906822956777472_o-1024x768.jpg\" alt=\"\" data-id=\"9264\" data-link=\"http:\/\/www.sport.karlino.pl\/?attachment_id=9264\" class=\"wp-image-9264\" \/><\/figure><\/li><\/ul>\n\n\n\n<p>Kto mo\u017cne do nas dotrze\u0107 &#8211; zapraszamy do wsp\u00f3lnego kibicowania w duchu fair play.<\/p>\n","protected":false},"excerpt":{"rendered":"<p>08.10.2019 r. na terenie naszych obiekt\u00f3w sportowych odby\u0142y si\u0119 Mistrzostwa Powiatu Szk\u00f3\u0142 Ponadgimnazjalnych w pi\u0142ce no\u017cnej ch\u0142opc\u00f3w i dziewcz\u0105t. Gospodarzem by\u0142&nbsp;Zesp\u00f3\u0142 Szk\u00f3\u0142 w Karlinie. Po trudnych rozgrywkach przy niesprzyjaj\u0105cej aurze [&hellip;]<\/p>\n","protected":false},"author":8,"featured_media":0,"comment_status":"closed","ping_status":"closed","sticky":false,"template":"","format":"standard","meta":{"footnotes":""},"categories":[],"tags":[],"class_list":["post-9257","post","type-post","status-publish","format-standard","hentry"],"blocksy_meta":{"styles_descriptor":{"styles":{"desktop":"","tablet":"","mobile":""},"google_fonts":[],"version":6}},"featured_image_urls_v2":{"full":"","thumbnail":"","medium":"","medium_large":"","large":"","1536x1536":"","2048x2048":""},"post_excerpt_stackable_v2":"<p>08.10.2019 r. na terenie naszych obiekt\u00f3w sportowych odby\u0142y si\u0119 Mistrzostwa Powiatu Szk\u00f3\u0142 Ponadgimnazjalnych w pi\u0142ce no\u017cnej ch\u0142opc\u00f3w i dziewcz\u0105t. Gospodarzem by\u0142&nbsp;Zesp\u00f3\u0142 Szk\u00f3\u0142 w Karlinie. Po trudnych rozgrywkach przy niesprzyjaj\u0105cej aurze uzyskano nast\u0119puj\u0105ce wyniki: DZIEWCZ\u0118TA:I miejsce &#8211; ZS TychowoII miejsce &#8211; ZS Bia\u0142ogardIII miejsce &#8211; SUKCES Bia\u0142ogardIV miejsce &#8211;&nbsp;Zesp\u00f3\u0142 Szk\u00f3\u0142 w KarlinieV miejsce &#8211; LO Bia\u0142ogard CH\u0141OPCYI miejcie &#8211;&nbsp;Zesp\u00f3\u0142 Szk\u00f3\u0142 w KarlinieII miejsce &#8211; ZS Bia\u0142ogardIII miejsce &#8211; ZS TychowoIV miejsce &#8211; LO Bia\u0142ogard Zwyci\u0119zcy reprezentowa\u0107 b\u0119d\u0105 nasz powiat w kolejnym &#8211; regionalnym etapie. A ju\u017c dzisiaj (tj. czwartek) od godz. 10.00 zmagania reprezentant\u00f3w szk\u00f3\u0142 podstawowych. Kto mo\u017cne do nas dotrze\u0107&hellip;<\/p>\n","category_list_v2":"Bez kategorii","author_info_v2":{"name":"","url":"https:\/\/sport.karlino.pl\/author\/"},"comments_num_v2":"0 comments","_links":{"self":[{"href":"https:\/\/sport.karlino.pl\/index.php\/wp-json\/wp\/v2\/posts\/9257","targetHints":{"allow":["GET"]}}],"collection":[{"href":"https:\/\/sport.karlino.pl\/index.php\/wp-json\/wp\/v2\/posts"}],"about":[{"href":"https:\/\/sport.karlino.pl\/index.php\/wp-json\/wp\/v2\/types\/post"}],"author":[{"embeddable":true,"href":"https:\/\/sport.karlino.pl\/index.php\/wp-json\/wp\/v2\/users\/8"}],"replies":[{"embeddable":true,"href":"https:\/\/sport.karlino.pl\/index.php\/wp-json\/wp\/v2\/comments?post=9257"}],"version-history":[{"count":1,"href":"https:\/\/sport.karlino.pl\/index.php\/wp-json\/wp\/v2\/posts\/9257\/revisions"}],"predecessor-version":[{"id":9265,"href":"https:\/\/sport.karlino.pl\/index.php\/wp-json\/wp\/v2\/posts\/9257\/revisions\/9265"}],"wp:attachment":[{"href":"https:\/\/sport.karlino.pl\/index.php\/wp-json\/wp\/v2\/media?parent=9257"}],"wp:term":[{"taxonomy":"category","embeddable":true,"href":"https:\/\/sport.karlino.pl\/index.php\/wp-json\/wp\/v2\/categories?post=9257"},{"taxonomy":"post_tag","embeddable":true,"href":"https:\/\/sport.karlino.pl\/index.php\/wp-json\/wp\/v2\/tags?post=9257"}],"curies":[{"name":"wp","href":"https:\/\/api.w.org\/{rel}","templated":true}]}}